{"id":2788,"date":"2023-10-02T09:55:26","date_gmt":"2023-10-02T12:55:26","guid":{"rendered":"https:\/\/jeffersonisac.adv.br\/index.php\/2023\/10\/02\/comissao-especial-ouve-vitimas-de-violencia-obstetrica-nesta-quarta\/"},"modified":"2023-10-02T09:55:26","modified_gmt":"2023-10-02T12:55:26","slug":"comissao-especial-ouve-vitimas-de-violencia-obstetrica-nesta-quarta","status":"publish","type":"post","link":"https:\/\/jeffersonisac.adv.br\/index.php\/2023\/10\/02\/comissao-especial-ouve-vitimas-de-violencia-obstetrica-nesta-quarta\/","title":{"rendered":"Comiss\u00e3o especial ouve v\u00edtimas de viol\u00eancia obst\u00e9trica nesta quarta"},"content":{"rendered":"<div class=\"image-container\">\n<div class=\"midia-creditos\"><em>Depositphotos<\/em><\/div>\n<div class=\"media-wrapper\"><\/div>\n<div class=\"midia-legenda\">Deputada espera saber o impacto que esta viol\u00eancia gera na vida das pessoas<\/div>\n<\/div>\n<p>A Comiss\u00e3o Especial sobre Viol\u00eancia Obst\u00e9trica e Morte Materna da C\u00e2mara dos Deputados se re\u00fane nesta quarta-feira (4) para ouvir algumas v\u00edtimas desse tipo de viol\u00eancia. O encontro est\u00e1 marcado para as 15 horas, em local a ser definido.<\/p>\n<p><a href=\"https:\/\/www.camara.leg.br\/evento-legislativo\/69756\">Confira a pauta e a lista de convidadas<\/a>.<\/p>\n<p>A deputada Silvye Alves (Uni\u00e3o-GO), que prop\u00f4s a realiza\u00e7\u00e3o da audi\u00eancia, afirma que n\u00e3o h\u00e1 como fazer um relat\u00f3rio da viol\u00eancia obst\u00e9trica no Pa\u00eds sem ouvir as v\u00edtimas.<\/p>\n<p>&#8220;Precisamos entender e nos solidarizar com essas pessoas para definir par\u00e2metros que impossibilitem a perpetuidade desses casos. Devemos ainda compreender o impacto que essa viol\u00eancia gera na vida das pessoas&#8221;, diz a deputada, que \u00e9 1\u00aa vice-presidente da comiss\u00e3o.<\/p>\n<p><strong>N\u00fameros da viol\u00eancia<\/strong><br \/>\nA pesquisa Nascer no Brasil aponta que 45% das mulheres entrevistadas disseram ter sofrido algum tipo de viol\u00eancia obst\u00e9trica no SUS. Na rede privada, esse percentual fica em 30%.<\/p>\n<p><strong>A comiss\u00e3o<\/strong><br \/>\nA comiss\u00e3o foi criada em mar\u00e7o e \u00e9 presidida pela deputada Soraya Santos (PL-RJ). A relatora \u00e9 a deputada Any Ortiz (Cidadania-RS).<\/p>\n<p>\u00a0<\/p>\n<div><\/div>\n<p>\u00a0<\/p>","protected":false},"excerpt":{"rendered":"<p>Depositphotos Deputada espera saber o impacto que esta viol\u00eancia gera na vida das pessoas A Comiss\u00e3o Especial sobre Viol\u00eancia Obst\u00e9trica e Morte Materna da C\u00e2mara dos Deputados se re\u00fane nesta quarta-feira (4) para ouvir algumas v\u00edtimas desse tipo de viol\u00eancia. O encontro est\u00e1 marcado para as 15 horas, em local a ser definido. Confira a [&hellip;]<\/p>\n","protected":false},"author":0,"featured_media":0,"comment_status":"open","ping_status":"open","sticky":false,"template":"","format":"standard","meta":{"footnotes":""},"categories":[1],"tags":[],"_links":{"self":[{"href":"https:\/\/jeffersonisac.adv.br\/index.php\/wp-json\/wp\/v2\/posts\/2788"}],"collection":[{"href":"https:\/\/jeffersonisac.adv.br\/index.php\/wp-json\/wp\/v2\/posts"}],"about":[{"href":"https:\/\/jeffersonisac.adv.br\/index.php\/wp-json\/wp\/v2\/types\/post"}],"replies":[{"embeddable":true,"href":"https:\/\/jeffersonisac.adv.br\/index.php\/wp-json\/wp\/v2\/comments?post=2788"}],"version-history":[{"count":0,"href":"https:\/\/jeffersonisac.adv.br\/index.php\/wp-json\/wp\/v2\/posts\/2788\/revisions"}],"wp:attachment":[{"href":"https:\/\/jeffersonisac.adv.br\/index.php\/wp-json\/wp\/v2\/media?parent=2788"}],"wp:term":[{"taxonomy":"category","embeddable":true,"href":"https:\/\/jeffersonisac.adv.br\/index.php\/wp-json\/wp\/v2\/categories?post=2788"},{"taxonomy":"post_tag","embeddable":true,"href":"https:\/\/jeffersonisac.adv.br\/index.php\/wp-json\/wp\/v2\/tags?post=2788"}],"curies":[{"name":"wp","href":"https:\/\/api.w.org\/{rel}","templated":true}]}}