{"id":2805,"date":"2023-10-03T13:00:29","date_gmt":"2023-10-03T16:00:29","guid":{"rendered":"https:\/\/jeffersonisac.adv.br\/index.php\/2023\/10\/03\/campanha-do-outubro-rosa-2023-da-camara-e-do-senado-comeca-nesta-terca\/"},"modified":"2023-10-03T13:00:29","modified_gmt":"2023-10-03T16:00:29","slug":"campanha-do-outubro-rosa-2023-da-camara-e-do-senado-comeca-nesta-terca","status":"publish","type":"post","link":"https:\/\/jeffersonisac.adv.br\/index.php\/2023\/10\/03\/campanha-do-outubro-rosa-2023-da-camara-e-do-senado-comeca-nesta-terca\/","title":{"rendered":"Campanha do Outubro Rosa 2023 da C\u00e2mara e do Senado come\u00e7a nesta ter\u00e7a"},"content":{"rendered":"<div class=\"image-container\">\n<div class=\"midia-creditos\"><em>Samuel de Souza\/C\u00e2mara dos Deputados<\/em><\/div>\n<div class=\"media-wrapper\"><\/div>\n<div class=\"midia-legenda\">Congresso costuma se iluminar de rosa em ades\u00e3o \u00e0 campanha<\/div>\n<\/div>\n<p>A C\u00e2mara dos Deputados e o Senado inauguraram nesta ter\u00e7a-feira (3) a campanha Outubro Rosa de 2023. Anualmente, s\u00e3o realizadas atividades para conscientizar e alertar mulheres e toda a sociedade sobre a import\u00e2ncia da preven\u00e7\u00e3o e do diagn\u00f3stico precoce do c\u00e2ncer de mama.<\/p>\n<p><a href=\"https:\/\/www2.camara.leg.br\/a-camara\/estruturaadm\/secretarias\/secretaria-da-mulher\/eventos\/outubro-rosa\">Confira a programa\u00e7\u00e3o completa<\/a><\/p>\n<p>As a\u00e7\u00f5es s\u00e3o coordenadas pela Secretaria da Mulher da C\u00e2mara \u2013 formada pela coordena\u00e7\u00e3o da Bancada Feminina e Procuradoria da Mulher \u2013, pela Comiss\u00e3o de Defesa dos Direitos da Mulher, pela Procuradoria Especial da Mulher e pela Lideran\u00e7a da Bancada Feminina do Senado, com apoio de institui\u00e7\u00f5es e organiza\u00e7\u00f5es parceiras.<\/p>\n<p><strong>Programa\u00e7\u00e3o<\/strong><br \/>\nOs eventos ser\u00e3o realizados durante todo o m\u00eas de outubro.<\/p>\n<p>Nesta ter\u00e7a (3) acontece uma sess\u00e3o solene no Plen\u00e1rio da C\u00e2mara dos Deputados em homenagem \u00e0 campanha.<\/p>\n<p>A campanha Outubro\u00a0Rosa\u00a0come\u00e7ou nos Estados Unidos, quando v\u00e1rios estados realizaram a\u00e7\u00f5es sobre o c\u00e2ncer de mama.<\/p>\n<p>J\u00e1 o la\u00e7o rosa, que depois virou s\u00edmbolo da campanha, foi distribu\u00eddo pela primeira vez pela <em>Funda\u00e7\u00e3o Susan G. Komen for the Cure<\/em> aos participantes de uma corrida, em Nova Iorque, na d\u00e9cada de 1990.<\/p>\n<p>Tamb\u00e9m nesta ter\u00e7a ser\u00e1 realizada uma <a href=\"https:\/\/www.camara.leg.br\/noticias\/1002648-comissao-de-combate-ao-cancer-faz-audiencia-sobre-a-campanha-o-outubro-rosa\/\">audi\u00eancia sobre\u00a0pol\u00edticas p\u00fablicas de enfrentamento ao c\u00e2ncer de mama<\/a>.<\/p>\n<p>O Inca estima que mais de 66 mil mulheres tenham sofrido c\u00e2ncer de mama em 2022.<\/p>\n<p>No dia 18, ser\u00e1 inaugurada uma exposi\u00e7\u00e3o fotogr\u00e1fica que contar\u00e1 com a hist\u00f3ria de mulheres que enfrentaram o c\u00e2ncer de mama.<\/p>\n<p>Segundo o Instituto Nacional do C\u00e2ncer (Inca), no Brasil, exclu\u00eddos os c\u00e2nceres relacionados a tumores de pele n\u00e3o melanoma, o c\u00e2ncer de mama \u00e9 o que mais atinge mulheres de todas as regi\u00f5es, com taxas mais altas nas regi\u00f5es Sul e Sudeste.<\/p>\n<p>Tamb\u00e9m no dia 18, ser\u00e3o projetadas nas torres do Congresso Nacional fotos de mulheres que sobreviveram ao c\u00e2ncer de mama e dados sobre a incid\u00eancia da doen\u00e7a no Pa\u00eds.<\/p>\n<p>No Brasil, o primeiro ato relacionado \u00e0 campanha Outubro Rosa aconteceu em 2002, na cidade de S\u00e3o Paulo, com a ilumina\u00e7\u00e3o do Obelisco do Ibirapuera, de rosa. De l\u00e1 para c\u00e1, virou tradi\u00e7\u00e3o iluminar monumentos de rosa no m\u00eas de outubro, em ades\u00e3o \u00e0 campanha.<\/p>\n<p>No dia 24, \u00e0s 14h30, uma nova audi\u00eancia da Comiss\u00e3o Especial de Combate ao C\u00e2ncer no Brasil discutir\u00e1 a disponibiliza\u00e7\u00e3o de novos medicamentos j\u00e1 incorporados para o c\u00e2ncer de mama pelo SUS.<br \/>\nNo dia 25, para encerrar as atividades da campanha, a Secretaria da Mulher far\u00e1 um semin\u00e1rio sobre inova\u00e7\u00e3o e educa\u00e7\u00e3o no combate ao C\u00e2ncer.<\/p>\n<p>\u00a0<\/p>\n<div><\/div>\n<p>\u00a0<\/p>\n<p>\u00a0<\/p>","protected":false},"excerpt":{"rendered":"<p>Samuel de Souza\/C\u00e2mara dos Deputados Congresso costuma se iluminar de rosa em ades\u00e3o \u00e0 campanha A C\u00e2mara dos Deputados e o Senado inauguraram nesta ter\u00e7a-feira (3) a campanha Outubro Rosa de 2023. Anualmente, s\u00e3o realizadas atividades para conscientizar e alertar mulheres e toda a sociedade sobre a import\u00e2ncia da preven\u00e7\u00e3o e do diagn\u00f3stico precoce do [&hellip;]<\/p>\n","protected":false},"author":0,"featured_media":0,"comment_status":"open","ping_status":"open","sticky":false,"template":"","format":"standard","meta":{"footnotes":""},"categories":[1],"tags":[],"_links":{"self":[{"href":"https:\/\/jeffersonisac.adv.br\/index.php\/wp-json\/wp\/v2\/posts\/2805"}],"collection":[{"href":"https:\/\/jeffersonisac.adv.br\/index.php\/wp-json\/wp\/v2\/posts"}],"about":[{"href":"https:\/\/jeffersonisac.adv.br\/index.php\/wp-json\/wp\/v2\/types\/post"}],"replies":[{"embeddable":true,"href":"https:\/\/jeffersonisac.adv.br\/index.php\/wp-json\/wp\/v2\/comments?post=2805"}],"version-history":[{"count":0,"href":"https:\/\/jeffersonisac.adv.br\/index.php\/wp-json\/wp\/v2\/posts\/2805\/revisions"}],"wp:attachment":[{"href":"https:\/\/jeffersonisac.adv.br\/index.php\/wp-json\/wp\/v2\/media?parent=2805"}],"wp:term":[{"taxonomy":"category","embeddable":true,"href":"https:\/\/jeffersonisac.adv.br\/index.php\/wp-json\/wp\/v2\/categories?post=2805"},{"taxonomy":"post_tag","embeddable":true,"href":"https:\/\/jeffersonisac.adv.br\/index.php\/wp-json\/wp\/v2\/tags?post=2805"}],"curies":[{"name":"wp","href":"https:\/\/api.w.org\/{rel}","templated":true}]}}