{"id":2806,"date":"2023-10-03T13:00:29","date_gmt":"2023-10-03T16:00:29","guid":{"rendered":"https:\/\/jeffersonisac.adv.br\/index.php\/2023\/10\/03\/comissoes-debatem-nesta-quarta-feira-o-futuro-das-universidades-comunitarias\/"},"modified":"2023-10-03T13:00:29","modified_gmt":"2023-10-03T16:00:29","slug":"comissoes-debatem-nesta-quarta-feira-o-futuro-das-universidades-comunitarias","status":"publish","type":"post","link":"https:\/\/jeffersonisac.adv.br\/index.php\/2023\/10\/03\/comissoes-debatem-nesta-quarta-feira-o-futuro-das-universidades-comunitarias\/","title":{"rendered":"Comiss\u00f5es debatem nesta quarta-feira o futuro das universidades comunit\u00e1rias"},"content":{"rendered":"<div class=\"image-container\">\n<div class=\"midia-creditos\"><em>Vinicius Loures\/C\u00e2mara dos Deputados<\/em><\/div>\n<div class=\"media-wrapper\"><\/div>\n<div class=\"midia-legenda\">O deputado Pedro Uczai pediu a realiza\u00e7\u00e3o da audi\u00eancia p\u00fablica<\/div>\n<\/div>\n<p>As comiss\u00f5es de Educa\u00e7\u00e3o; e de Legisla\u00e7\u00e3o Participativa da C\u00e2mara dos Deputados promovem debate nesta quarta-feira (4) sobre o futuro das universidades comunit\u00e1rias.<\/p>\n<p>O debate est\u00e1 marcado para as 15 horas, no plen\u00e1rio 3, e poder\u00e1 ser acompanhado pelo <a href=\"https:\/\/www.youtube.com\/@CamaradosDeputadosoficial\">canal da C\u00e2mara no YouTube<\/a>.<\/p>\n<p>O deputado Pedro Uczai (PT-SC), que pediu a audi\u00eancia p\u00fablica, diz que a import\u00e2ncia das universidades comunit\u00e1rias na educa\u00e7\u00e3o superior brasileira \u00e9 incontest\u00e1vel.<\/p>\n<p>&#8220;Representando um modelo educacional \u00edmpar, essas institui\u00e7\u00f5es sem fins lucrativos t\u00eam desempenhado um papel fundamental no acesso \u00e0 educa\u00e7\u00e3o de qualidade e no desenvolvimento do Pa\u00eds&#8221;, destaca.<\/p>\n<p>Para ele, essas universidades s\u00e3o agentes de inclus\u00e3o educacional e desenvolvimento regional.\u00a0&#8220;No cen\u00e1rio educacional brasileiro, essas institui\u00e7\u00f5es emergiram como resposta \u00e0 demanda por educa\u00e7\u00e3o de qualidade, muitas vezes nas regi\u00f5es mais remotas e desatendidas do Pa\u00eds&#8221;, afirma.<\/p>\n<p>&#8220;Um exemplo not\u00e1vel \u00e9 o estado de Santa Catarina, onde a maioria dessas institui\u00e7\u00f5es surgiu na d\u00e9cada de 70, com a miss\u00e3o de levar o ensino superior para o interior do estado&#8221;, cita o deputado.<\/p>\n<p>&#8220;A realiza\u00e7\u00e3o de uma audi\u00eancia p\u00fablica sobre o futuro das universidades comunit\u00e1rias \u00e9 vital para garantir que essas institui\u00e7\u00f5es continuem a desempenhar um papel crucial na promo\u00e7\u00e3o da educa\u00e7\u00e3o de qualidade no Brasil&#8221;, conclui.<\/p>\n<p><a href=\"https:\/\/www.camara.leg.br\/evento-legislativo\/70317\">Confira a pauta da reuni\u00e3o e a lista completa de convidados<\/a><\/p>","protected":false},"excerpt":{"rendered":"<p>Vinicius Loures\/C\u00e2mara dos Deputados O deputado Pedro Uczai pediu a realiza\u00e7\u00e3o da audi\u00eancia p\u00fablica As comiss\u00f5es de Educa\u00e7\u00e3o; e de Legisla\u00e7\u00e3o Participativa da C\u00e2mara dos Deputados promovem debate nesta quarta-feira (4) sobre o futuro das universidades comunit\u00e1rias. O debate est\u00e1 marcado para as 15 horas, no plen\u00e1rio 3, e poder\u00e1 ser acompanhado pelo canal da [&hellip;]<\/p>\n","protected":false},"author":0,"featured_media":0,"comment_status":"open","ping_status":"open","sticky":false,"template":"","format":"standard","meta":{"footnotes":""},"categories":[1],"tags":[],"_links":{"self":[{"href":"https:\/\/jeffersonisac.adv.br\/index.php\/wp-json\/wp\/v2\/posts\/2806"}],"collection":[{"href":"https:\/\/jeffersonisac.adv.br\/index.php\/wp-json\/wp\/v2\/posts"}],"about":[{"href":"https:\/\/jeffersonisac.adv.br\/index.php\/wp-json\/wp\/v2\/types\/post"}],"replies":[{"embeddable":true,"href":"https:\/\/jeffersonisac.adv.br\/index.php\/wp-json\/wp\/v2\/comments?post=2806"}],"version-history":[{"count":0,"href":"https:\/\/jeffersonisac.adv.br\/index.php\/wp-json\/wp\/v2\/posts\/2806\/revisions"}],"wp:attachment":[{"href":"https:\/\/jeffersonisac.adv.br\/index.php\/wp-json\/wp\/v2\/media?parent=2806"}],"wp:term":[{"taxonomy":"category","embeddable":true,"href":"https:\/\/jeffersonisac.adv.br\/index.php\/wp-json\/wp\/v2\/categories?post=2806"},{"taxonomy":"post_tag","embeddable":true,"href":"https:\/\/jeffersonisac.adv.br\/index.php\/wp-json\/wp\/v2\/tags?post=2806"}],"curies":[{"name":"wp","href":"https:\/\/api.w.org\/{rel}","templated":true}]}}