{"id":2817,"date":"2023-10-04T08:17:51","date_gmt":"2023-10-04T11:17:51","guid":{"rendered":"https:\/\/jeffersonisac.adv.br\/index.php\/2023\/10\/04\/comissao-realiza-audiencia-publica-em-homenagem-a-evento-natalino-do-ceara\/"},"modified":"2023-10-04T08:17:51","modified_gmt":"2023-10-04T11:17:51","slug":"comissao-realiza-audiencia-publica-em-homenagem-a-evento-natalino-do-ceara","status":"publish","type":"post","link":"https:\/\/jeffersonisac.adv.br\/index.php\/2023\/10\/04\/comissao-realiza-audiencia-publica-em-homenagem-a-evento-natalino-do-ceara\/","title":{"rendered":"Comiss\u00e3o realiza audi\u00eancia p\u00fablica em homenagem a evento natalino do Cear\u00e1"},"content":{"rendered":"<div class=\"image-container\">\n<div class=\"midia-creditos\"><em>Prefeitura de Fortaleza<\/em><\/div>\n<div class=\"media-wrapper\"><\/div>\n<div class=\"midia-legenda\">Coro infantil do Natal de Luz no Cear\u00e1<\/div>\n<\/div>\n<p>A Comiss\u00e3o de Turismo da C\u00e2mara dos Deputados vai realizar audi\u00eancia p\u00fablica nesta quarta-feira (4) para homenagear os 25 anos do evento &#8220;Cear\u00e1 Natal de Luz&#8221;, promovido pela C\u00e2mara de Dirigentes Lojistas de Fortaleza.<\/p>\n<p>Confira a <a href=\"https:\/\/www.camara.leg.br\/evento-legislativo\/70004\">lista de convidados<\/a> da audi\u00eancia, que est\u00e1 marcada para as 13h30 no plen\u00e1rio 5.<\/p>\n<p>O autor do requerimento para a realiza\u00e7\u00e3o da reuni\u00e3o \u00e9 o deputado Eduardo Bismarck (CE), que est\u00e1 licenciado.<\/p>\n<p>&#8220;O evento, al\u00e9m de valorizar a cultura natalina, possui papel fundamental na valoriza\u00e7\u00e3o e no desenvolvimento do com\u00e9rcio e principalmente do turismo local&#8221;, afirma Bismarck.<\/p>","protected":false},"excerpt":{"rendered":"<p>Prefeitura de Fortaleza Coro infantil do Natal de Luz no Cear\u00e1 A Comiss\u00e3o de Turismo da C\u00e2mara dos Deputados vai realizar audi\u00eancia p\u00fablica nesta quarta-feira (4) para homenagear os 25 anos do evento &#8220;Cear\u00e1 Natal de Luz&#8221;, promovido pela C\u00e2mara de Dirigentes Lojistas de Fortaleza. Confira a lista de convidados da audi\u00eancia, que est\u00e1 marcada [&hellip;]<\/p>\n","protected":false},"author":0,"featured_media":0,"comment_status":"open","ping_status":"open","sticky":false,"template":"","format":"standard","meta":{"footnotes":""},"categories":[1],"tags":[],"_links":{"self":[{"href":"https:\/\/jeffersonisac.adv.br\/index.php\/wp-json\/wp\/v2\/posts\/2817"}],"collection":[{"href":"https:\/\/jeffersonisac.adv.br\/index.php\/wp-json\/wp\/v2\/posts"}],"about":[{"href":"https:\/\/jeffersonisac.adv.br\/index.php\/wp-json\/wp\/v2\/types\/post"}],"replies":[{"embeddable":true,"href":"https:\/\/jeffersonisac.adv.br\/index.php\/wp-json\/wp\/v2\/comments?post=2817"}],"version-history":[{"count":0,"href":"https:\/\/jeffersonisac.adv.br\/index.php\/wp-json\/wp\/v2\/posts\/2817\/revisions"}],"wp:attachment":[{"href":"https:\/\/jeffersonisac.adv.br\/index.php\/wp-json\/wp\/v2\/media?parent=2817"}],"wp:term":[{"taxonomy":"category","embeddable":true,"href":"https:\/\/jeffersonisac.adv.br\/index.php\/wp-json\/wp\/v2\/categories?post=2817"},{"taxonomy":"post_tag","embeddable":true,"href":"https:\/\/jeffersonisac.adv.br\/index.php\/wp-json\/wp\/v2\/tags?post=2817"}],"curies":[{"name":"wp","href":"https:\/\/api.w.org\/{rel}","templated":true}]}}