{"id":2839,"date":"2023-10-04T23:11:48","date_gmt":"2023-10-05T02:11:48","guid":{"rendered":"https:\/\/jeffersonisac.adv.br\/index.php\/2023\/10\/04\/camara-aprova-projeto-que-cria-diretrizes-de-atendimento-no-sus-para-fibromialgia\/"},"modified":"2023-10-04T23:11:48","modified_gmt":"2023-10-05T02:11:48","slug":"camara-aprova-projeto-que-cria-diretrizes-de-atendimento-no-sus-para-fibromialgia","status":"publish","type":"post","link":"https:\/\/jeffersonisac.adv.br\/index.php\/2023\/10\/04\/camara-aprova-projeto-que-cria-diretrizes-de-atendimento-no-sus-para-fibromialgia\/","title":{"rendered":"C\u00e2mara aprova projeto que cria diretrizes de atendimento no SUS para fibromialgia"},"content":{"rendered":"<div class=\"image-container\">\n<div class=\"midia-creditos\"><em>Bruno Spada\/C\u00e2mara dos Deputadas<\/em><\/div>\n<div class=\"media-wrapper\"><\/div>\n<div class=\"midia-legenda\">Jos\u00e9 Guimar\u00e3es, relator do projeto<\/div>\n<\/div>\n<p>A C\u00e2mara dos Deputados aprovou nesta quarta-feira (4) o projeto de lei que obriga o Sistema \u00danico de Sa\u00fade (SUS) a oferecer tratamento para pessoas com s\u00edndrome de fibromialgia ou fadiga cr\u00f4nica.<\/p>\n<p>Com a aprova\u00e7\u00e3o de duas emendas do Senado ao Projeto de Lei 3525\/19 (antigo PL 6858\/13), da deputada Erika Kokay (PT-DF), o texto ser\u00e1 enviado \u00e0 san\u00e7\u00e3o presidencial.<\/p>\n<p>A proposta garante ao paciente atendimento multidisciplinar com m\u00e9dicos, psic\u00f3logos, nutricionistas e fisioterapeutas, al\u00e9m de assegurar o acesso a exames, assist\u00eancia farmac\u00eautica e outras terapias.<\/p>\n<p>A fibromialgia causa dor difusa e cr\u00f4nica nos m\u00fasculos e ossos, mas a pessoa tamb\u00e9m pode apresentar fadiga, dist\u00farbios do sono, rigidez matinal e paralisia de extremidades, entre outros sintomas.<\/p>\n<p>Uma das emendas aprovadas, segundo parecer do relator, deputado Jos\u00e9 Guimar\u00e3es (PT-CE), inclui nesse atendimento as pessoas com S\u00edndrome Complexa de Dor Regional ou outras doen\u00e7as correlatas.<\/p>\n<p><strong>Orienta\u00e7\u00e3o aos pacientes<\/strong><br \/>\nJ\u00e1 a outra emenda determina que o atendimento integral incluir\u00e1 a divulga\u00e7\u00e3o de informa\u00e7\u00f5es e orienta\u00e7\u00f5es abrangentes sobre essas doen\u00e7as e sobre as medidas preventivas e terap\u00eauticas dispon\u00edveis.<\/p>\n<p>Para Jos\u00e9 Guimar\u00e3es, &#8220;o projeto ter\u00e1 grande impacto na vida das pessoas acometidas por essas doen\u00e7as&#8221;. &#8220;\u00c9 uma vit\u00f3ria delas e de suas fam\u00edlias&#8221;, disse.<\/p>\n<p>A deputada Erika Kokay ressaltou que o projeto representa &#8220;grande avan\u00e7o porque a fibromialgia provoca uma dor profunda, por isso a necessidade de uma pol\u00edtica de divulga\u00e7\u00e3o no Sistema \u00danico de Sa\u00fade&#8221;.<\/p>\n<p><a href=\"https:\/\/www.camara.leg.br\/noticias\/573454-SAIBA-MAIS-SOBRE-A-TRAMITACAO-DE-PROJETOS-DE-LEI\">Saiba mais sobre a tramita\u00e7\u00e3o de projetos de lei<\/a><\/p>","protected":false},"excerpt":{"rendered":"<p>Bruno Spada\/C\u00e2mara dos Deputadas Jos\u00e9 Guimar\u00e3es, relator do projeto A C\u00e2mara dos Deputados aprovou nesta quarta-feira (4) o projeto de lei que obriga o Sistema \u00danico de Sa\u00fade (SUS) a oferecer tratamento para pessoas com s\u00edndrome de fibromialgia ou fadiga cr\u00f4nica. Com a aprova\u00e7\u00e3o de duas emendas do Senado ao Projeto de Lei 3525\/19 (antigo [&hellip;]<\/p>\n","protected":false},"author":0,"featured_media":0,"comment_status":"open","ping_status":"open","sticky":false,"template":"","format":"standard","meta":{"footnotes":""},"categories":[1],"tags":[],"_links":{"self":[{"href":"https:\/\/jeffersonisac.adv.br\/index.php\/wp-json\/wp\/v2\/posts\/2839"}],"collection":[{"href":"https:\/\/jeffersonisac.adv.br\/index.php\/wp-json\/wp\/v2\/posts"}],"about":[{"href":"https:\/\/jeffersonisac.adv.br\/index.php\/wp-json\/wp\/v2\/types\/post"}],"replies":[{"embeddable":true,"href":"https:\/\/jeffersonisac.adv.br\/index.php\/wp-json\/wp\/v2\/comments?post=2839"}],"version-history":[{"count":0,"href":"https:\/\/jeffersonisac.adv.br\/index.php\/wp-json\/wp\/v2\/posts\/2839\/revisions"}],"wp:attachment":[{"href":"https:\/\/jeffersonisac.adv.br\/index.php\/wp-json\/wp\/v2\/media?parent=2839"}],"wp:term":[{"taxonomy":"category","embeddable":true,"href":"https:\/\/jeffersonisac.adv.br\/index.php\/wp-json\/wp\/v2\/categories?post=2839"},{"taxonomy":"post_tag","embeddable":true,"href":"https:\/\/jeffersonisac.adv.br\/index.php\/wp-json\/wp\/v2\/tags?post=2839"}],"curies":[{"name":"wp","href":"https:\/\/api.w.org\/{rel}","templated":true}]}}