{"id":2845,"date":"2023-10-05T08:35:08","date_gmt":"2023-10-05T11:35:08","guid":{"rendered":"https:\/\/jeffersonisac.adv.br\/index.php\/2023\/10\/05\/comissao-debate-implantacao-de-parque-eolico-em-municipio-paranaense\/"},"modified":"2023-10-05T08:35:08","modified_gmt":"2023-10-05T11:35:08","slug":"comissao-debate-implantacao-de-parque-eolico-em-municipio-paranaense","status":"publish","type":"post","link":"https:\/\/jeffersonisac.adv.br\/index.php\/2023\/10\/05\/comissao-debate-implantacao-de-parque-eolico-em-municipio-paranaense\/","title":{"rendered":"Comiss\u00e3o debate implanta\u00e7\u00e3o de parque e\u00f3lico em munic\u00edpio paranaense"},"content":{"rendered":"<div class=\"image-container\">\n<div class=\"midia-creditos\"><em>Zeca Ribeiro\/C\u00e2mara dos Deputados<\/em><\/div>\n<div class=\"media-wrapper\"><\/div>\n<div class=\"midia-legenda\">Paulo Litro acredita que parque vai aumentar em R$ 60 milh\u00f5es o ICMS do munic\u00edpio<\/div>\n<\/div>\n<p>A Comiss\u00e3o de Minas e Energia da C\u00e2mara dos Deputados vai realizar audi\u00eancia p\u00fablica na quinta-feira (5) para debater a implanta\u00e7\u00e3o de parque e\u00f3lico no munic\u00edpio de Palmas (PR).<\/p>\n<p>Confira a<a href=\"https:\/\/www.camara.leg.br\/evento-legislativo\/70055\"> lista de convidados<\/a> da reuni\u00e3o, que est\u00e1 marcada para as 10 horas, no plen\u00e1rio 12.<\/p>\n<p>O autor do requerimento para a realiza\u00e7\u00e3o da audi\u00eancia \u00e9 o deputado Paulo Litro (PSD-PR). Segundo ele, empresas privadas demonstraram muito interesse em implantar novos aerogeradores no Paran\u00e1, sendo o munic\u00edpio de Palmas um dos mais prop\u00edcios para a sua implanta\u00e7\u00e3o.<\/p>\n<p>&#8220;Tendo um dos menores \u00edndices de desenvolvimento humano do estado, al\u00e9m de enormes dificuldades em implementar pol\u00edticas p\u00fablicas, o Executivo municipal despende a maior parte de seus recursos pr\u00f3prios para investimentos b\u00e1sicos&#8221;, destacou Litro.<\/p>\n<p>Ele estima que a implanta\u00e7\u00e3o do empreendimento permitir\u00e1 a Palmas aumentar sua arrecada\u00e7\u00e3o anual de <span class=\"termoGlossario\">ICMS<\/span> em aproximadamente R$ 60 milh\u00f5es a partir da energia que ser\u00e1 gerada pelo parque e\u00f3lico.<\/p>","protected":false},"excerpt":{"rendered":"<p>Zeca Ribeiro\/C\u00e2mara dos Deputados Paulo Litro acredita que parque vai aumentar em R$ 60 milh\u00f5es o ICMS do munic\u00edpio A Comiss\u00e3o de Minas e Energia da C\u00e2mara dos Deputados vai realizar audi\u00eancia p\u00fablica na quinta-feira (5) para debater a implanta\u00e7\u00e3o de parque e\u00f3lico no munic\u00edpio de Palmas (PR). Confira a lista de convidados da reuni\u00e3o, [&hellip;]<\/p>\n","protected":false},"author":0,"featured_media":0,"comment_status":"open","ping_status":"open","sticky":false,"template":"","format":"standard","meta":{"footnotes":""},"categories":[1],"tags":[],"_links":{"self":[{"href":"https:\/\/jeffersonisac.adv.br\/index.php\/wp-json\/wp\/v2\/posts\/2845"}],"collection":[{"href":"https:\/\/jeffersonisac.adv.br\/index.php\/wp-json\/wp\/v2\/posts"}],"about":[{"href":"https:\/\/jeffersonisac.adv.br\/index.php\/wp-json\/wp\/v2\/types\/post"}],"replies":[{"embeddable":true,"href":"https:\/\/jeffersonisac.adv.br\/index.php\/wp-json\/wp\/v2\/comments?post=2845"}],"version-history":[{"count":0,"href":"https:\/\/jeffersonisac.adv.br\/index.php\/wp-json\/wp\/v2\/posts\/2845\/revisions"}],"wp:attachment":[{"href":"https:\/\/jeffersonisac.adv.br\/index.php\/wp-json\/wp\/v2\/media?parent=2845"}],"wp:term":[{"taxonomy":"category","embeddable":true,"href":"https:\/\/jeffersonisac.adv.br\/index.php\/wp-json\/wp\/v2\/categories?post=2845"},{"taxonomy":"post_tag","embeddable":true,"href":"https:\/\/jeffersonisac.adv.br\/index.php\/wp-json\/wp\/v2\/tags?post=2845"}],"curies":[{"name":"wp","href":"https:\/\/api.w.org\/{rel}","templated":true}]}}