{"id":2846,"date":"2023-10-05T10:09:40","date_gmt":"2023-10-05T13:09:40","guid":{"rendered":"https:\/\/jeffersonisac.adv.br\/index.php\/2023\/10\/05\/estudantes-participam-de-estagio-visita-na-camara-dos-deputados\/"},"modified":"2023-10-05T10:09:40","modified_gmt":"2023-10-05T13:09:40","slug":"estudantes-participam-de-estagio-visita-na-camara-dos-deputados","status":"publish","type":"post","link":"https:\/\/jeffersonisac.adv.br\/index.php\/2023\/10\/05\/estudantes-participam-de-estagio-visita-na-camara-dos-deputados\/","title":{"rendered":"Estudantes participam de Est\u00e1gio-Visita na C\u00e2mara dos Deputados"},"content":{"rendered":"<div class=\"image-container\">\n<div class=\"midia-creditos\"><em>Cleia Viana\/C\u00e2mara dos Deputados<\/em><\/div>\n<div class=\"media-wrapper\"><\/div>\n<div class=\"midia-legenda\">Participantes do Est\u00e1gio-Visita de 2019<\/div>\n<\/div>\n<p>A C\u00e2mara dos Deputados retomou nesta semana o <a href=\"https:\/\/evc.camara.leg.br\/programas\/estagio-visita-de-curta-duracao\/\">Programa Est\u00e1gio-Visita<\/a>, que recebe estudantes de gradua\u00e7\u00e3o e p\u00f3s-gradua\u00e7\u00e3o de qualquer curso, vindos de todo o Pa\u00eds. Os alunos ficam uma semana em Bras\u00edlia na Capital do Pa\u00eds e t\u00eam a oportunidade de conhecer na pr\u00e1tica como \u00e9 o trabalho de um deputado.<\/p>\n<p>A deputada Maria do Ros\u00e1rio (PT-RS), que \u00e9 a segunda-secret\u00e1ria da Mesa Diretora e respons\u00e1vel pelo Est\u00e1gio-Visita, ressalta a import\u00e2ncia da edi\u00e7\u00e3o deste ano, quando se comemora os 35 anos da Constitui\u00e7\u00e3o.<\/p>\n<p>\u201cA Constituinte \u00e9 um dos marcos mais importantes da hist\u00f3ria democr\u00e1tica do Brasil. Ela fez a transi\u00e7\u00e3o de um per\u00edodo de ditadura para democracia\u201d, lembra a deputada. \u201c\u00c9 fundamental que a juventude brasileira conhe\u00e7a a Constitui\u00e7\u00e3o como a lei mais importante do Brasil, e conhe\u00e7a os \u00edcones em torno dos quais a Constitui\u00e7\u00e3o foi constru\u00edda.\u201d<\/p>\n<p><strong>Procura<\/strong><br \/>\nCorina Castro, da coordena\u00e7\u00e3o de Educa\u00e7\u00e3o para a Democracia da C\u00e2mara, diz que o programa tem muita procura. \u201cA gente acaba tendo mais demanda do que oferta a cada ano.\u201d<\/p>\n<p>Durante o Est\u00e1gio-Visita, os estudantes t\u00eam acesso ao Plen\u00e1rio, \u00e0s comiss\u00f5es, podem ir aos gabinetes parlamentares. \u201dMas o importante \u00e9 entender que eles fazem isso com um objetivo, que \u00e9 compreender melhor o trabalho da C\u00e2mara e entender como os grandes temas nacionais s\u00e3o debatidos e deliberados no Parlamento\u201d, explica a coordenadora pedag\u00f3gica do Est\u00e1gio-Visita, Alice Gomes.<\/p>\n<p>Em novembro e dezembro haver\u00e1 novas turmas do Est\u00e1gio-Visita.<\/p>\n<p><a href=\"https:\/\/evc.camara.leg.br\/programas\/estagio-visita-de-curta-duracao\/\">Confira o calend\u00e1rio<\/a><\/p>","protected":false},"excerpt":{"rendered":"<p>Cleia Viana\/C\u00e2mara dos Deputados Participantes do Est\u00e1gio-Visita de 2019 A C\u00e2mara dos Deputados retomou nesta semana o Programa Est\u00e1gio-Visita, que recebe estudantes de gradua\u00e7\u00e3o e p\u00f3s-gradua\u00e7\u00e3o de qualquer curso, vindos de todo o Pa\u00eds. Os alunos ficam uma semana em Bras\u00edlia na Capital do Pa\u00eds e t\u00eam a oportunidade de conhecer na pr\u00e1tica como \u00e9 [&hellip;]<\/p>\n","protected":false},"author":0,"featured_media":0,"comment_status":"open","ping_status":"open","sticky":false,"template":"","format":"standard","meta":{"footnotes":""},"categories":[1],"tags":[],"_links":{"self":[{"href":"https:\/\/jeffersonisac.adv.br\/index.php\/wp-json\/wp\/v2\/posts\/2846"}],"collection":[{"href":"https:\/\/jeffersonisac.adv.br\/index.php\/wp-json\/wp\/v2\/posts"}],"about":[{"href":"https:\/\/jeffersonisac.adv.br\/index.php\/wp-json\/wp\/v2\/types\/post"}],"replies":[{"embeddable":true,"href":"https:\/\/jeffersonisac.adv.br\/index.php\/wp-json\/wp\/v2\/comments?post=2846"}],"version-history":[{"count":0,"href":"https:\/\/jeffersonisac.adv.br\/index.php\/wp-json\/wp\/v2\/posts\/2846\/revisions"}],"wp:attachment":[{"href":"https:\/\/jeffersonisac.adv.br\/index.php\/wp-json\/wp\/v2\/media?parent=2846"}],"wp:term":[{"taxonomy":"category","embeddable":true,"href":"https:\/\/jeffersonisac.adv.br\/index.php\/wp-json\/wp\/v2\/categories?post=2846"},{"taxonomy":"post_tag","embeddable":true,"href":"https:\/\/jeffersonisac.adv.br\/index.php\/wp-json\/wp\/v2\/tags?post=2846"}],"curies":[{"name":"wp","href":"https:\/\/api.w.org\/{rel}","templated":true}]}}