{"id":2848,"date":"2023-10-05T10:09:40","date_gmt":"2023-10-05T13:09:40","guid":{"rendered":"https:\/\/jeffersonisac.adv.br\/index.php\/2023\/10\/05\/consultorias-de-orcamento-sugerem-cautela-sobre-perspectiva-de-crescimento-em-projeto-do-governo\/"},"modified":"2023-10-05T10:09:40","modified_gmt":"2023-10-05T13:09:40","slug":"consultorias-de-orcamento-sugerem-cautela-sobre-perspectiva-de-crescimento-em-projeto-do-governo","status":"publish","type":"post","link":"https:\/\/jeffersonisac.adv.br\/index.php\/2023\/10\/05\/consultorias-de-orcamento-sugerem-cautela-sobre-perspectiva-de-crescimento-em-projeto-do-governo\/","title":{"rendered":"Consultorias de Or\u00e7amento sugerem cautela sobre perspectiva de crescimento em projeto do governo"},"content":{"rendered":"<div class=\"image-container\">\n<div class=\"midia-creditos\"><em>Depositphotos<\/em><\/div>\n<div class=\"media-wrapper\"><\/div>\n<div class=\"midia-legenda\"><\/div>\n<\/div>\n<p>Em <a href=\"https:\/\/www.camara.leg.br\/internet\/comissao\/index\/mista\/orca\/orcamento\/OR2024\/notas_tecnicas\/NTC-03.pdf\">nota t\u00e9cnica<\/a> sobre o projeto da <span class=\"termoGlossario\">Lei Or\u00e7ament\u00e1ria<\/span> de 2024 (<a class=\"linkProposicao\" href=\"https:\/\/www.camara.leg.br\/noticias\/993644-orcamento-de-2024-preve-minimo-de-r-1-421\">PLN 29\/23<\/a>), as consultorias de Or\u00e7amento da C\u00e2mara e do Senado alertam para a necessidade de cautela em rela\u00e7\u00e3o \u00e0s perspectivas de crescimento econ\u00f4mico contidas no texto, porque elas t\u00eam impacto direto nas receitas e despesas previstas. A proposta fala em 2,26% para 2024, enquanto o mercado financeiro prev\u00ea 1,47%.<\/p>\n<p><a href=\"https:\/\/www.camara.leg.br\/noticias\/866636-conheca-o-ciclo-orcamentario-federal\/\">Conhe\u00e7a o ciclo or\u00e7ament\u00e1rio federal<\/a><\/p>\n<p>Pela conta dos t\u00e9cnicos, das despesas totais do Or\u00e7amento de 2024 \u2013 R$ 2,7 trilh\u00f5es \u2013, 91,6% s\u00e3o obrigat\u00f3rias e apenas 8,4%, discricion\u00e1rias; ou seja, que poderiam ser objeto de cortes. \u201cA participa\u00e7\u00e3o das despesas obrigat\u00f3rias no total das despesas prim\u00e1rias reafirma a elevada rigidez or\u00e7ament\u00e1ria quanto \u00e0 possibilidade de reorienta\u00e7\u00e3o das a\u00e7\u00f5es governamentais\u201d, diz a nota.<\/p>\n<p><strong>Previd\u00eancia<br \/>\n<\/strong>A nota afirma tamb\u00e9m que as despesas previdenci\u00e1rias da proposta est\u00e3o subestimadas em pelo menos R$ 31,8 bilh\u00f5es. Isso porque a despesa de 2024, de R$ 913,9 bilh\u00f5es, leva em conta uma estimativa para 2023 que j\u00e1 foi revista pelo governo. A revis\u00e3o ocorreu ap\u00f3s o envio do projeto ao Congresso.<\/p>\n<p><strong>Sa\u00fade<br \/>\n<\/strong>Os t\u00e9cnicos tamb\u00e9m mostram que o governo voltou a atender o piso constitucional de gastos com Sa\u00fade ap\u00f3s o fim do teto de gastos, que havia suspendido o piso. Ele seria de R$ 218,4 bilh\u00f5es para 2024, ou 15% da receita l\u00edquida. Pelo projeto, as despesas estariam at\u00e9 R$ 60 milh\u00f5es acima do piso, j\u00e1 considerando a destina\u00e7\u00e3o obrigat\u00f3ria de 50% das emendas individuais e de bancadas estaduais para o setor.<\/p>\n<p>Mas os t\u00e9cnicos afirmam que R$ 693,6 milh\u00f5es classificados como despesas de Sa\u00fade em programa\u00e7\u00f5es da Ag\u00eancia Nacional de Vigil\u00e2ncia Sanit\u00e1ria (Anvisa) n\u00e3o poderiam estar no piso. De qualquer forma, o texto afirma que a fun\u00e7\u00e3o Sa\u00fade dever\u00e1 ter um aumento de quase R$ 69 bilh\u00f5es em rela\u00e7\u00e3o a 2023.<\/p>\n<p><strong>Educa\u00e7\u00e3o e Bolsa Fam\u00edlia<br \/>\n<\/strong>Na Educa\u00e7\u00e3o, o acr\u00e9scimo ser\u00e1 de R$ 29 bilh\u00f5es em rela\u00e7\u00e3o a 2023, e o piso constitucional est\u00e1 sendo ultrapassado em R$ 2,1 bilh\u00f5es.<\/p>\n<p>J\u00e1 a dota\u00e7\u00e3o para o <span class=\"termoGlossario\">Bolsa-Fam\u00edlia<\/span> em 2024 est\u00e1 2,8% menor que o autorizado para 2023. Em setembro \u00faltimo, o benef\u00edcio m\u00e9dio foi de R$ 678,97, pago a 21,5 milh\u00f5es de fam\u00edlias.<\/p>\n<p>\u00a0<\/p>\n<div><\/div>\n<p>\u00a0<\/p>","protected":false},"excerpt":{"rendered":"<p>Depositphotos Em nota t\u00e9cnica sobre o projeto da Lei Or\u00e7ament\u00e1ria de 2024 (PLN 29\/23), as consultorias de Or\u00e7amento da C\u00e2mara e do Senado alertam para a necessidade de cautela em rela\u00e7\u00e3o \u00e0s perspectivas de crescimento econ\u00f4mico contidas no texto, porque elas t\u00eam impacto direto nas receitas e despesas previstas. A proposta fala em 2,26% para [&hellip;]<\/p>\n","protected":false},"author":0,"featured_media":0,"comment_status":"open","ping_status":"open","sticky":false,"template":"","format":"standard","meta":{"footnotes":""},"categories":[1],"tags":[],"_links":{"self":[{"href":"https:\/\/jeffersonisac.adv.br\/index.php\/wp-json\/wp\/v2\/posts\/2848"}],"collection":[{"href":"https:\/\/jeffersonisac.adv.br\/index.php\/wp-json\/wp\/v2\/posts"}],"about":[{"href":"https:\/\/jeffersonisac.adv.br\/index.php\/wp-json\/wp\/v2\/types\/post"}],"replies":[{"embeddable":true,"href":"https:\/\/jeffersonisac.adv.br\/index.php\/wp-json\/wp\/v2\/comments?post=2848"}],"version-history":[{"count":0,"href":"https:\/\/jeffersonisac.adv.br\/index.php\/wp-json\/wp\/v2\/posts\/2848\/revisions"}],"wp:attachment":[{"href":"https:\/\/jeffersonisac.adv.br\/index.php\/wp-json\/wp\/v2\/media?parent=2848"}],"wp:term":[{"taxonomy":"category","embeddable":true,"href":"https:\/\/jeffersonisac.adv.br\/index.php\/wp-json\/wp\/v2\/categories?post=2848"},{"taxonomy":"post_tag","embeddable":true,"href":"https:\/\/jeffersonisac.adv.br\/index.php\/wp-json\/wp\/v2\/tags?post=2848"}],"curies":[{"name":"wp","href":"https:\/\/api.w.org\/{rel}","templated":true}]}}