{"id":2856,"date":"2023-10-06T08:35:08","date_gmt":"2023-10-06T11:35:08","guid":{"rendered":"https:\/\/jeffersonisac.adv.br\/index.php\/2023\/10\/06\/deputadas-e-especialistas-cobram-politicas-publicas-voltadas-para-mulheres-no-climaterio\/"},"modified":"2023-10-06T08:35:08","modified_gmt":"2023-10-06T11:35:08","slug":"deputadas-e-especialistas-cobram-politicas-publicas-voltadas-para-mulheres-no-climaterio","status":"publish","type":"post","link":"https:\/\/jeffersonisac.adv.br\/index.php\/2023\/10\/06\/deputadas-e-especialistas-cobram-politicas-publicas-voltadas-para-mulheres-no-climaterio\/","title":{"rendered":"Deputadas e especialistas cobram pol\u00edticas p\u00fablicas voltadas para mulheres no climat\u00e9rio"},"content":{"rendered":"<p>Atualmente, cerca de 35 milh\u00f5es de brasileiras est\u00e3o entre o climat\u00e9rio e a menopausa. Mesmo representando um ter\u00e7o da popula\u00e7\u00e3o, essas mulheres n\u00e3o t\u00eam acesso a informa\u00e7\u00f5es sobre essa fase da vida e apenas a metade faz algum tipo de tratamento.<\/p>\n<p>Al\u00e9m do desconforto causado por sintomas como ondas de calor, depress\u00e3o, irritabilidade, ins\u00f4nia e perda da libido, a redu\u00e7\u00e3o na produ\u00e7\u00e3o de horm\u00f4nios deixa as mulheres mais expostas a problemas card\u00edacos, diabetes e osteoporose.<\/p>\n<div class=\"image-container\">\n<div class=\"midia-creditos\"><em>Will Shutter \/ C\u00e2mara dos Deputados<\/em><\/div>\n<div class=\"media-wrapper\"><\/div>\n<div class=\"midia-legenda\">Reuni\u00e3o da Comiss\u00e3o de Defesa dos Direitos da Mulher<\/div>\n<\/div>\n<p>Para melhorar a qualidade de vida durante essa fase, as mulheres t\u00eam que ter acesso \u00e0 informa\u00e7\u00e3o e a um tratamento adequado j\u00e1 na aten\u00e7\u00e3o prim\u00e1ria \u00e0 sa\u00fade. \u00c9 o que prev\u00ea o Projeto de Lei 5602\/19, que est\u00e1 sendo analisado pela Comiss\u00e3o de Defesa dos Direitos da Mulher da C\u00e2mara dos Deputados e que foi discutido numa audi\u00eancia p\u00fablica nesta quinta-feira (5).<\/p>\n<p>A relatora da proposta na comiss\u00e3o, deputada L\u00eada Borges (PSDB-GO), sugeriu a realiza\u00e7\u00e3o do debate com representantes do governo, dos m\u00e9dicos e da sociedade civil. O texto prev\u00ea a cria\u00e7\u00e3o de programa de aten\u00e7\u00e3o \u00e0s mulheres na menopausa e no climat\u00e9rio.<\/p>\n<p>\u201c\u00c9 necess\u00e1rio debater a promo\u00e7\u00e3o da sa\u00fade da mulher para esse ciclo da vida, buscando criar pol\u00edticas p\u00fablicas efetivas que melhorem a qualidade de vida dessas mulheres\u201d, diz a deputada.<\/p>\n<p><strong>Novos tratamentos e rem\u00e9dios<\/strong><br \/>\nA representante do Minist\u00e9rio da Sa\u00fade, D\u00e9bora Siqueira Beltrammi, afirmou que a pasta est\u00e1 desenvolvendo um eixo de atua\u00e7\u00e3o, inclusive com o estudo de novos medicamentos para os caso em que a reposi\u00e7\u00e3o hormonal \u00e9 contraindicada.<\/p>\n<p>\u201cO Minist\u00e9rio da Sa\u00fade trabalha em parceria com algumas institui\u00e7\u00f5es na condu\u00e7\u00e3o de pesquisas cl\u00ednicas para a avalia\u00e7\u00e3o de seguran\u00e7a e efic\u00e1cia de horm\u00f4nios&#8221;, disse D\u00e9bora.<\/p>\n<p>Com rela\u00e7\u00e3o a pr\u00e1ticas integrativas e complementares, ela informou que a pasta trabalhando em especial com a fitoterapia. &#8220;O que n\u00f3s temos de oferta \u00e9 a isoflavona, mas podemos trabalhar pensando em inclus\u00e3o de novos fitoter\u00e1picos\u201d, explicou.<\/p>\n<div class=\"image-container\">\n<div class=\"midia-creditos\"><em>Will Shutter \/ C\u00e2mara dos Deputados<\/em><\/div>\n<div class=\"media-wrapper\"><\/div>\n<div class=\"midia-legenda\">D\u00e9bora Beltrammi: minist\u00e9rio estuda ampliar oferta de rem\u00e9dios e tratamentos<\/div>\n<\/div>\n<p><strong>Reposi\u00e7\u00e3o hormonal<\/strong><br \/>\nA endocrinologista especializada em climat\u00e9rio Ana Priscila Soggia destacou que 80% das mulheres t\u00eam os sintomas do climat\u00e9rio, mas apensa 15% delas fazem tratamento. Ela lembrou que a falta de horm\u00f4nios, caracter\u00edstica dessa fase, dobra os riscos de infarto e acidente vascular cerebral (AVC).<\/p>\n<p>\u201cAs mulheres que fazem reposi\u00e7\u00e3o hormonal t\u00eam uma redu\u00e7\u00e3o de risco de AVC e de mortalidade em geral, de c\u00e2ncer de intestino, de fraturas \u00f3sseas, chegando a uma diminui\u00e7\u00e3o de 26% de redu\u00e7\u00e3o de risco de diabetes\u201d, listou a m\u00e9dica.<\/p>\n<p><strong>Ci\u00eancia x pol\u00edticas p\u00fablicas<\/strong><br \/>\nA fundadora da Associa\u00e7\u00e3o Menopausa Feliz, Adriana Ferreira, afirmou que as iniciativas para as mulheres nessa fase da vida n\u00e3o sa\u00edram do papel, o que leva a muitos diagn\u00f3sticos e tratamentos inadequados pela falta de informa\u00e7\u00e3o tamb\u00e9m por parte dos m\u00e9dicos.<\/p>\n<p>\u201cEm 2008, o Minist\u00e9rio da Sa\u00fade criou o Manual da Aten\u00e7\u00e3o \u00e0 Sa\u00fade do Climat\u00e9rio, uma s\u00e9rie de diretrizes que foram criadas por mulheres, movimentos sociais que participaram dessa constru\u00e7\u00e3o muito bem desenhada \u00e0 \u00e9poca&#8221;, informou. &#8220;Infelizmente, hoje ele j\u00e1 est\u00e1 ultrapassado, porque a ci\u00eancia est\u00e1 evoluindo muito r\u00e1pido.\u201d<\/p>\n<p>Adriana Ferreira destacou que, atualmente, 18 estados discutem pol\u00edticas p\u00fablicas de aten\u00e7\u00e3o \u00e0s mulheres no climat\u00e9rio e na menopausa. Ela sugeriu a cria\u00e7\u00e3o de um dia nacional de conscientiza\u00e7\u00e3o sobre a menopausa para informar e acabar com o tabu que envolve essa fase da vida.<\/p>","protected":false},"excerpt":{"rendered":"<p>Atualmente, cerca de 35 milh\u00f5es de brasileiras est\u00e3o entre o climat\u00e9rio e a menopausa. Mesmo representando um ter\u00e7o da popula\u00e7\u00e3o, essas mulheres n\u00e3o t\u00eam acesso a informa\u00e7\u00f5es sobre essa fase da vida e apenas a metade faz algum tipo de tratamento. Al\u00e9m do desconforto causado por sintomas como ondas de calor, depress\u00e3o, irritabilidade, ins\u00f4nia e [&hellip;]<\/p>\n","protected":false},"author":0,"featured_media":0,"comment_status":"open","ping_status":"open","sticky":false,"template":"","format":"standard","meta":{"footnotes":""},"categories":[1],"tags":[],"_links":{"self":[{"href":"https:\/\/jeffersonisac.adv.br\/index.php\/wp-json\/wp\/v2\/posts\/2856"}],"collection":[{"href":"https:\/\/jeffersonisac.adv.br\/index.php\/wp-json\/wp\/v2\/posts"}],"about":[{"href":"https:\/\/jeffersonisac.adv.br\/index.php\/wp-json\/wp\/v2\/types\/post"}],"replies":[{"embeddable":true,"href":"https:\/\/jeffersonisac.adv.br\/index.php\/wp-json\/wp\/v2\/comments?post=2856"}],"version-history":[{"count":0,"href":"https:\/\/jeffersonisac.adv.br\/index.php\/wp-json\/wp\/v2\/posts\/2856\/revisions"}],"wp:attachment":[{"href":"https:\/\/jeffersonisac.adv.br\/index.php\/wp-json\/wp\/v2\/media?parent=2856"}],"wp:term":[{"taxonomy":"category","embeddable":true,"href":"https:\/\/jeffersonisac.adv.br\/index.php\/wp-json\/wp\/v2\/categories?post=2856"},{"taxonomy":"post_tag","embeddable":true,"href":"https:\/\/jeffersonisac.adv.br\/index.php\/wp-json\/wp\/v2\/tags?post=2856"}],"curies":[{"name":"wp","href":"https:\/\/api.w.org\/{rel}","templated":true}]}}