{"id":2858,"date":"2023-10-06T08:35:08","date_gmt":"2023-10-06T11:35:08","guid":{"rendered":"https:\/\/jeffersonisac.adv.br\/index.php\/2023\/10\/06\/comissao-aprova-projeto-que-exige-atendimento-de-estudantes-das-areas-da-saude-em-caso-de-urgencia\/"},"modified":"2023-10-06T08:35:08","modified_gmt":"2023-10-06T11:35:08","slug":"comissao-aprova-projeto-que-exige-atendimento-de-estudantes-das-areas-da-saude-em-caso-de-urgencia","status":"publish","type":"post","link":"https:\/\/jeffersonisac.adv.br\/index.php\/2023\/10\/06\/comissao-aprova-projeto-que-exige-atendimento-de-estudantes-das-areas-da-saude-em-caso-de-urgencia\/","title":{"rendered":"Comiss\u00e3o aprova projeto que exige atendimento de estudantes das \u00e1reas da sa\u00fade em caso de urg\u00eancia"},"content":{"rendered":"<div class=\"image-container\">\n<div class=\"midia-creditos\"><em>Vinicius Loures \/ C\u00e2mara dos Deputados<\/em><\/div>\n<div class=\"media-wrapper\"><\/div>\n<div class=\"midia-legenda\">Paulo Bilynskyj foi o relator e defendeu a aprova\u00e7\u00e3o da proposta<\/div>\n<\/div>\n<p>A Comiss\u00e3o de Educa\u00e7\u00e3o da C\u00e2mara dos Deputados aprovou o <a class=\"linkProposicao\" href=\"https:\/\/www.camara.leg.br\/noticias\/961362-proposta-prioriza-atendimento-dos-estudantes-das-areas-da-saude-em-casos-de-urgencia-e-emergencia\">Projeto de Lei 1185\/23<\/a>, que obriga o atendimento, nas situa\u00e7\u00f5es de emerg\u00eancia, de estudantes universit\u00e1rios em atividade nos estabelecimentos de sa\u00fade de todo o Pa\u00eds.<\/p>\n<p>O relator, deputado Delegado Paulo Bilynskyj (PL-SP), recomendou a aprova\u00e7\u00e3o. Ele apresentou emenda para definir que o atendimento ser\u00e1 assegurado respeitando a estratifica\u00e7\u00e3o de risco \u2013 a vers\u00e3o original dava prioridade aos alunos. O estabelecimento de sa\u00fade arcar\u00e1 com os custos.<\/p>\n<p>\u201cExistem relatos de que estudantes nos cursos de Medicina, Nutri\u00e7\u00e3o, Farm\u00e1cia ou Enfermagem muitas vezes apresentam intercorr\u00eancias de sa\u00fade durante a realiza\u00e7\u00e3o de atividades de ensino, mas n\u00e3o s\u00e3o atendidos no local\u201d, disse o autor da proposta, deputado Julio Lopes (PP-RJ).<\/p>\n<p><strong>Tramita\u00e7\u00e3o<\/strong><br \/>\nO projeto tramita em <span class=\"termoGlossario\">car\u00e1ter conclusivo<\/span> e ser\u00e1 analisado pelas comiss\u00f5es de Sa\u00fade; e de Constitui\u00e7\u00e3o e Justi\u00e7a e de Cidadania.<\/p>\n<p><a href=\"https:\/\/www.camara.leg.br\/noticias\/573454-SAIBA-MAIS-SOBRE-A-TRAMITACAO-DE-PROJETOS-DE-LEI\">Saiba mais sobre a tramita\u00e7\u00e3o de projetos de lei<\/a><\/p>","protected":false},"excerpt":{"rendered":"<p>Vinicius Loures \/ C\u00e2mara dos Deputados Paulo Bilynskyj foi o relator e defendeu a aprova\u00e7\u00e3o da proposta A Comiss\u00e3o de Educa\u00e7\u00e3o da C\u00e2mara dos Deputados aprovou o Projeto de Lei 1185\/23, que obriga o atendimento, nas situa\u00e7\u00f5es de emerg\u00eancia, de estudantes universit\u00e1rios em atividade nos estabelecimentos de sa\u00fade de todo o Pa\u00eds. O relator, deputado [&hellip;]<\/p>\n","protected":false},"author":0,"featured_media":0,"comment_status":"open","ping_status":"open","sticky":false,"template":"","format":"standard","meta":{"footnotes":""},"categories":[1],"tags":[],"_links":{"self":[{"href":"https:\/\/jeffersonisac.adv.br\/index.php\/wp-json\/wp\/v2\/posts\/2858"}],"collection":[{"href":"https:\/\/jeffersonisac.adv.br\/index.php\/wp-json\/wp\/v2\/posts"}],"about":[{"href":"https:\/\/jeffersonisac.adv.br\/index.php\/wp-json\/wp\/v2\/types\/post"}],"replies":[{"embeddable":true,"href":"https:\/\/jeffersonisac.adv.br\/index.php\/wp-json\/wp\/v2\/comments?post=2858"}],"version-history":[{"count":0,"href":"https:\/\/jeffersonisac.adv.br\/index.php\/wp-json\/wp\/v2\/posts\/2858\/revisions"}],"wp:attachment":[{"href":"https:\/\/jeffersonisac.adv.br\/index.php\/wp-json\/wp\/v2\/media?parent=2858"}],"wp:term":[{"taxonomy":"category","embeddable":true,"href":"https:\/\/jeffersonisac.adv.br\/index.php\/wp-json\/wp\/v2\/categories?post=2858"},{"taxonomy":"post_tag","embeddable":true,"href":"https:\/\/jeffersonisac.adv.br\/index.php\/wp-json\/wp\/v2\/tags?post=2858"}],"curies":[{"name":"wp","href":"https:\/\/api.w.org\/{rel}","templated":true}]}}