{"id":2864,"date":"2023-10-06T14:40:52","date_gmt":"2023-10-06T17:40:52","guid":{"rendered":"https:\/\/jeffersonisac.adv.br\/index.php\/2023\/10\/06\/projeto-altera-regra-da-previdencia-para-produtor-rural\/"},"modified":"2023-10-06T14:40:52","modified_gmt":"2023-10-06T17:40:52","slug":"projeto-altera-regra-da-previdencia-para-produtor-rural","status":"publish","type":"post","link":"https:\/\/jeffersonisac.adv.br\/index.php\/2023\/10\/06\/projeto-altera-regra-da-previdencia-para-produtor-rural\/","title":{"rendered":"Projeto altera regra da Previd\u00eancia para produtor rural"},"content":{"rendered":"<div class=\"image-container\">\n<div class=\"midia-creditos\"><em>Myke Sena \/ C\u00e2mara dos Deputados<\/em><\/div>\n<div class=\"media-wrapper\"><\/div>\n<div class=\"midia-legenda\">O autor da proposta, deputado Pezenti<\/div>\n<\/div>\n<p>O Projeto de Lei 3833\/23 inclui como segurado especial da Previd\u00eancia Social a pessoa f\u00edsica que exerce atividade em im\u00f3vel rural com \u00e1rea aproveit\u00e1vel de at\u00e9 quatro <span class=\"termoGlossario\">m\u00f3dulos fiscais<\/span>. O segurado especial contribui conforme o valor de venda da produ\u00e7\u00e3o, obtida pelo trabalho individual ou em regime de economia familiar.<\/p>\n<p>O texto em an\u00e1lise na C\u00e2mara dos Deputados altera a <a href=\"https:\/\/www2.camara.leg.br\/legin\/fed\/lei\/1991\/lei-8213-24-julho-1991-363650-norma-pl.html\">Lei de Benef\u00edcios da Previd\u00eancia Social<\/a>. Atualmente, essa norma j\u00e1 trata como segurados especiais da Previd\u00eancia Social, entre outros, o produtor rural familiar em \u00e1rea total de at\u00e9 quatro m\u00f3dulos fiscais, o pescador artesanal e o seringueiro.<\/p>\n<p>\u201cA classifica\u00e7\u00e3o para a tributa\u00e7\u00e3o do im\u00f3vel rural \u00e9 feita pela \u00e1rea aproveit\u00e1vel, e n\u00e3o por toda a extens\u00e3o da propriedade\u201d, disse o autor da proposta, deputado Pezenti (MDB-SC). \u201cAssim, o projeto determina que a legisla\u00e7\u00e3o previdenci\u00e1ria passe a considerar aquela l\u00f3gica da legisla\u00e7\u00e3o tribut\u00e1ria\u201d, explicou o parlamentar.<\/p>\n<p><strong>Tramita\u00e7\u00e3o<\/strong><br \/>\nO projeto tramita em <span class=\"termoGlossario\">car\u00e1ter conclusivo<\/span> e ser\u00e1 analisado pelas comiss\u00f5es de Agricultura, Pecu\u00e1ria, Abastecimento e Desenvolvimento Rural; de Previd\u00eancia, Assist\u00eancia Social, Inf\u00e2ncia, Adolesc\u00eancia e Fam\u00edlia; de Finan\u00e7as e Tributa\u00e7\u00e3o; e de Constitui\u00e7\u00e3o e Justi\u00e7a e de Cidadania.<\/p>\n<p><a href=\"https:\/\/www.camara.leg.br\/noticias\/573454-SAIBA-MAIS-SOBRE-A-TRAMITACAO-DE-PROJETOS-DE-LEI\">Saiba mais sobre a tramita\u00e7\u00e3o de projetos de lei<\/a><\/p>","protected":false},"excerpt":{"rendered":"<p>Myke Sena \/ C\u00e2mara dos Deputados O autor da proposta, deputado Pezenti O Projeto de Lei 3833\/23 inclui como segurado especial da Previd\u00eancia Social a pessoa f\u00edsica que exerce atividade em im\u00f3vel rural com \u00e1rea aproveit\u00e1vel de at\u00e9 quatro m\u00f3dulos fiscais. O segurado especial contribui conforme o valor de venda da produ\u00e7\u00e3o, obtida pelo trabalho [&hellip;]<\/p>\n","protected":false},"author":0,"featured_media":0,"comment_status":"open","ping_status":"open","sticky":false,"template":"","format":"standard","meta":{"footnotes":""},"categories":[1],"tags":[],"_links":{"self":[{"href":"https:\/\/jeffersonisac.adv.br\/index.php\/wp-json\/wp\/v2\/posts\/2864"}],"collection":[{"href":"https:\/\/jeffersonisac.adv.br\/index.php\/wp-json\/wp\/v2\/posts"}],"about":[{"href":"https:\/\/jeffersonisac.adv.br\/index.php\/wp-json\/wp\/v2\/types\/post"}],"replies":[{"embeddable":true,"href":"https:\/\/jeffersonisac.adv.br\/index.php\/wp-json\/wp\/v2\/comments?post=2864"}],"version-history":[{"count":0,"href":"https:\/\/jeffersonisac.adv.br\/index.php\/wp-json\/wp\/v2\/posts\/2864\/revisions"}],"wp:attachment":[{"href":"https:\/\/jeffersonisac.adv.br\/index.php\/wp-json\/wp\/v2\/media?parent=2864"}],"wp:term":[{"taxonomy":"category","embeddable":true,"href":"https:\/\/jeffersonisac.adv.br\/index.php\/wp-json\/wp\/v2\/categories?post=2864"},{"taxonomy":"post_tag","embeddable":true,"href":"https:\/\/jeffersonisac.adv.br\/index.php\/wp-json\/wp\/v2\/tags?post=2864"}],"curies":[{"name":"wp","href":"https:\/\/api.w.org\/{rel}","templated":true}]}}