{"id":2869,"date":"2023-10-06T23:35:00","date_gmt":"2023-10-07T02:35:00","guid":{"rendered":"https:\/\/jeffersonisac.adv.br\/index.php\/2023\/10\/06\/projeto-reabre-prazo-para-renegociacao-de-dividas-de-produtores-rurais-do-nordeste-e-semiarido\/"},"modified":"2023-10-06T23:35:00","modified_gmt":"2023-10-07T02:35:00","slug":"projeto-reabre-prazo-para-renegociacao-de-dividas-de-produtores-rurais-do-nordeste-e-semiarido","status":"publish","type":"post","link":"https:\/\/jeffersonisac.adv.br\/index.php\/2023\/10\/06\/projeto-reabre-prazo-para-renegociacao-de-dividas-de-produtores-rurais-do-nordeste-e-semiarido\/","title":{"rendered":"Projeto reabre prazo para renegocia\u00e7\u00e3o de d\u00edvidas de produtores rurais do Nordeste e Semi\u00e1rido"},"content":{"rendered":"<div class=\"image-container\">\n<div class=\"midia-creditos\"><em>Zeca Ribeiro\/C\u00e2mara dos Deputados<\/em><\/div>\n<div class=\"media-wrapper\"><\/div>\n<div class=\"midia-legenda\">Eun\u00edcio Oliveira, autor da proposta<\/div>\n<\/div>\n<p>O Projeto de Lei 1768\/23 reabre, at\u00e9 31 de dezembro de 2023, o prazo para produtores rurais e cooperativas renegociarem d\u00edvidas oriundas de opera\u00e7\u00f5es de cr\u00e9dito rural nas condi\u00e7\u00f5es previstas na lei que, em 2006, permitiu a repactua\u00e7\u00e3o de d\u00edvidas de produtores rurais do Nordeste e de \u00e1reas do <span class=\"termoGlossario\">Semi\u00e1rido<\/span> localizadas em Minas Gerais e no Esp\u00edrito Santo (<a href=\"https:\/\/www2.camara.leg.br\/legin\/fed\/lei\/2006\/lei-11322-13-julho-2006-544556-norma-pl.html\">Lei 11.322\/06<\/a>).<\/p>\n<p>A proposta tamb\u00e9m permite que os microempreendedores individuais (MEI) renegociem seus d\u00e9bitos nas mesmas condi\u00e7\u00f5es daquela lei.<\/p>\n<p>Pelo projeto, do deputado Eun\u00edcio Oliveira (MDB-CE), poder\u00e3o ser renegociadas d\u00edvidas contratadas, at\u00e9 31 de dezembro de 2019, com recursos de fundos federais como o Fundo de Amparo ao Trabalhador (FAT) e o Fundo Constitucional de Financiamento do Nordeste (FNE).<\/p>\n<p>Eun\u00edcio Oliveira entende que a renegocia\u00e7\u00e3o \u00e9 uma medida de justi\u00e7a pelos impactos trazidos pela pandemia de Covid-19.\u00a0\u201cSer\u00e1 uma oportunidade para que agricultores e MEI do campo e das cidades possam se reerguer e recuperar a dignidade, depois de um per\u00edodo dif\u00edcil com a pandemia. \u00c9 hora de ajudar quem tanto nos ajudou\u201d, disse Eun\u00edcio.<\/p>\n<p><strong>Tramita\u00e7\u00e3o<br \/>\n<\/strong>A proposta tramita em <span class=\"termoGlossario\">regime de urg\u00eancia<\/span> e aguarda vota\u00e7\u00e3o no Plen\u00e1rio.<\/p>","protected":false},"excerpt":{"rendered":"<p>Zeca Ribeiro\/C\u00e2mara dos Deputados Eun\u00edcio Oliveira, autor da proposta O Projeto de Lei 1768\/23 reabre, at\u00e9 31 de dezembro de 2023, o prazo para produtores rurais e cooperativas renegociarem d\u00edvidas oriundas de opera\u00e7\u00f5es de cr\u00e9dito rural nas condi\u00e7\u00f5es previstas na lei que, em 2006, permitiu a repactua\u00e7\u00e3o de d\u00edvidas de produtores rurais do Nordeste e [&hellip;]<\/p>\n","protected":false},"author":0,"featured_media":0,"comment_status":"open","ping_status":"open","sticky":false,"template":"","format":"standard","meta":{"footnotes":""},"categories":[1],"tags":[],"_links":{"self":[{"href":"https:\/\/jeffersonisac.adv.br\/index.php\/wp-json\/wp\/v2\/posts\/2869"}],"collection":[{"href":"https:\/\/jeffersonisac.adv.br\/index.php\/wp-json\/wp\/v2\/posts"}],"about":[{"href":"https:\/\/jeffersonisac.adv.br\/index.php\/wp-json\/wp\/v2\/types\/post"}],"replies":[{"embeddable":true,"href":"https:\/\/jeffersonisac.adv.br\/index.php\/wp-json\/wp\/v2\/comments?post=2869"}],"version-history":[{"count":0,"href":"https:\/\/jeffersonisac.adv.br\/index.php\/wp-json\/wp\/v2\/posts\/2869\/revisions"}],"wp:attachment":[{"href":"https:\/\/jeffersonisac.adv.br\/index.php\/wp-json\/wp\/v2\/media?parent=2869"}],"wp:term":[{"taxonomy":"category","embeddable":true,"href":"https:\/\/jeffersonisac.adv.br\/index.php\/wp-json\/wp\/v2\/categories?post=2869"},{"taxonomy":"post_tag","embeddable":true,"href":"https:\/\/jeffersonisac.adv.br\/index.php\/wp-json\/wp\/v2\/tags?post=2869"}],"curies":[{"name":"wp","href":"https:\/\/api.w.org\/{rel}","templated":true}]}}