{"id":2874,"date":"2023-10-09T13:22:37","date_gmt":"2023-10-09T16:22:37","guid":{"rendered":"https:\/\/jeffersonisac.adv.br\/index.php\/2023\/10\/09\/projeto-inclui-sindrome-de-klippel-trenaunay-no-rol-de-doencas-graves-e-raras\/"},"modified":"2023-10-09T13:22:37","modified_gmt":"2023-10-09T16:22:37","slug":"projeto-inclui-sindrome-de-klippel-trenaunay-no-rol-de-doencas-graves-e-raras","status":"publish","type":"post","link":"https:\/\/jeffersonisac.adv.br\/index.php\/2023\/10\/09\/projeto-inclui-sindrome-de-klippel-trenaunay-no-rol-de-doencas-graves-e-raras\/","title":{"rendered":"Projeto inclui S\u00edndrome de Klippel Trenaunay no rol de doen\u00e7as graves e raras"},"content":{"rendered":"<div class=\"image-container\">\n<div class=\"midia-creditos\"><em>Vinicius Loures\/C\u00e2mara dos Deputados<\/em><\/div>\n<div class=\"media-wrapper\"><\/div>\n<div class=\"midia-legenda\">Juninho do Pneu: doen\u00e7a prejudica qualidade de vida dos pacientes<\/div>\n<\/div>\n<p><span>O Projeto de Lei 1694\/23 inclui a S\u00edndrome de Klippel Trenaunay no rol de doen\u00e7as graves e raras.\u00a0<\/span>Considera-se rara a doen\u00e7a que afeta at\u00e9 65 pessoas a cada 100 mil indiv\u00edduos.<\/p>\n<p><span>Pela proposta em an\u00e1lise na C\u00e2mara dos Deputados, o Sistema \u00danico de Sa\u00fade (SUS) dever\u00e1 garantir o acesso universal e gratuito ao tratamento de Klippel Trenaunay, com prioridade para os casos mais graves e pacientes em situa\u00e7\u00e3o de vulnerabilidade social.<\/span><\/p>\n<p><span>O tratamento dever\u00e1 ser realizado em centros especializados, com equipe multidisciplinar e estrutura adequada para o atendimento integral e personalizado dos pacientes. E os medicamentos e procedimentos necess\u00e1rios dever\u00e3o ser disponibilizados gratuitamente aos pacientes pelo SUS.\u00a0<\/span><\/p>\n<p><span><strong>A doen\u00e7a<\/strong><br \/>\nAutor do texto, o deputado Juninho do Pneu (Uni\u00e3o-RJ) explica que a S\u00edndrome de Klippel Trenaunay \u00e9 uma doen\u00e7a cong\u00eanita rara e complexa, caracterizada por anomalias vasculares, hipertrofia \u00f3ssea e linfedema.<\/span><\/p>\n<p><span>\u201cA doen\u00e7a pode causar diversos sintomas, como dores, deformidades, dificuldades de locomo\u00e7\u00e3o e problemas emocionais, afetando a qualidade de vida dos pacientes e de suas fam\u00edlias e impondo grandes desafios aos sistemas de sa\u00fade\u201d, afirma.<\/span><\/p>\n<p><span><strong>Pesquisas<\/strong><br \/>\nAl\u00e9m de assegurar o acesso gratuito ao tratamento adequado, o projeto tamb\u00e9m visa fomentar o desenvolvimento de pesquisas sobre a S\u00edndrome de Klippel Trenaunay. A inten\u00e7\u00e3o \u00e9 aprimorar o conhecimento sobre a doen\u00e7a e desenvolver novas terapias e tecnologias para o tratamento.<\/span><\/p>\n<p><span>O Poder Executivo poder\u00e1 estabelecer incentivos fiscais e financeiros para o desenvolvimento dessas pesquisas.<\/span><\/p>\n<p><strong>Tramita\u00e7\u00e3o<br \/>\n<\/strong><span>A proposta ser\u00e1 analisada em <span class=\"termoGlossario\">car\u00e1ter conclusivo<\/span> pelas<\/span><span> comiss\u00f5es de Sa\u00fade; de Finan\u00e7as e Tributa\u00e7\u00e3o; e de Constitui\u00e7\u00e3o e Justi\u00e7a e de Cidadania.<\/span><\/p>\n<p><a href=\"https:\/\/www.camara.leg.br\/noticias\/573454-SAIBA-MAIS-SOBRE-A-TRAMITACAO-DE-PROJETOS-DE-LEI\">Saiba mais sobre a tramita\u00e7\u00e3o de projetos de lei<\/a><\/p>\n<p>\u00a0<\/p>\n<div><\/div>\n<p>\u00a0<\/p>","protected":false},"excerpt":{"rendered":"<p>Vinicius Loures\/C\u00e2mara dos Deputados Juninho do Pneu: doen\u00e7a prejudica qualidade de vida dos pacientes O Projeto de Lei 1694\/23 inclui a S\u00edndrome de Klippel Trenaunay no rol de doen\u00e7as graves e raras.\u00a0Considera-se rara a doen\u00e7a que afeta at\u00e9 65 pessoas a cada 100 mil indiv\u00edduos. Pela proposta em an\u00e1lise na C\u00e2mara dos Deputados, o Sistema [&hellip;]<\/p>\n","protected":false},"author":0,"featured_media":0,"comment_status":"open","ping_status":"open","sticky":false,"template":"","format":"standard","meta":{"footnotes":""},"categories":[1],"tags":[],"_links":{"self":[{"href":"https:\/\/jeffersonisac.adv.br\/index.php\/wp-json\/wp\/v2\/posts\/2874"}],"collection":[{"href":"https:\/\/jeffersonisac.adv.br\/index.php\/wp-json\/wp\/v2\/posts"}],"about":[{"href":"https:\/\/jeffersonisac.adv.br\/index.php\/wp-json\/wp\/v2\/types\/post"}],"replies":[{"embeddable":true,"href":"https:\/\/jeffersonisac.adv.br\/index.php\/wp-json\/wp\/v2\/comments?post=2874"}],"version-history":[{"count":0,"href":"https:\/\/jeffersonisac.adv.br\/index.php\/wp-json\/wp\/v2\/posts\/2874\/revisions"}],"wp:attachment":[{"href":"https:\/\/jeffersonisac.adv.br\/index.php\/wp-json\/wp\/v2\/media?parent=2874"}],"wp:term":[{"taxonomy":"category","embeddable":true,"href":"https:\/\/jeffersonisac.adv.br\/index.php\/wp-json\/wp\/v2\/categories?post=2874"},{"taxonomy":"post_tag","embeddable":true,"href":"https:\/\/jeffersonisac.adv.br\/index.php\/wp-json\/wp\/v2\/tags?post=2874"}],"curies":[{"name":"wp","href":"https:\/\/api.w.org\/{rel}","templated":true}]}}