{"id":2882,"date":"2023-10-10T03:03:45","date_gmt":"2023-10-10T06:03:45","guid":{"rendered":"https:\/\/jeffersonisac.adv.br\/index.php\/2023\/10\/10\/conflito-entre-israel-e-hamas-provoca-discussao-entre-deputados-do-governo-e-da-oposicao\/"},"modified":"2023-10-10T03:03:45","modified_gmt":"2023-10-10T06:03:45","slug":"conflito-entre-israel-e-hamas-provoca-discussao-entre-deputados-do-governo-e-da-oposicao","status":"publish","type":"post","link":"https:\/\/jeffersonisac.adv.br\/index.php\/2023\/10\/10\/conflito-entre-israel-e-hamas-provoca-discussao-entre-deputados-do-governo-e-da-oposicao\/","title":{"rendered":"Conflito entre Israel e Hamas provoca discuss\u00e3o entre deputados do governo e da oposi\u00e7\u00e3o"},"content":{"rendered":"<p>A posi\u00e7\u00e3o do Brasil sobre o conflito entre Israel e o grupo Hamas provocou discuss\u00e3o entre deputados da base do governo e da oposi\u00e7\u00e3o no Plen\u00e1rio da C\u00e2mara. A oposi\u00e7\u00e3o cobrou uma condena\u00e7\u00e3o mais firme do Pa\u00eds ao Hamas, que desde s\u00e1bado (7) provocou quase mil mortes em ataques a cidades israelenses. Com a resposta de Israel, o n\u00famero de mortos j\u00e1 se aproxima de 2 mil.<\/p>\n<p>A posi\u00e7\u00e3o do Brasil foi divulgada no domingo (8), em uma reuni\u00e3o do Conselho de Seguran\u00e7a da Organiza\u00e7\u00e3o das Na\u00e7\u00f5es Unidas (ONU), um dia depois do in\u00edcio do conflito. O governo brasileiro condenou os ataques contra civis dos dois lados e a escalada da viol\u00eancia. Tamb\u00e9m reiterou o compromisso com a solu\u00e7\u00e3o de dois Estados na regi\u00e3o, um palestino, al\u00e9m de Israel, e pediu paz.<\/p>\n<div class=\"image-container\">\n<div class=\"midia-creditos\"><em>Zeca Ribeiro\/C\u00e2mara dos Deputados<\/em><\/div>\n<div class=\"media-wrapper\"><\/div>\n<div class=\"midia-legenda\">Helder Salom\u00e3o: &#8220;O que o Brasil prop\u00f5e \u00e9 paz e di\u00e1logo&#8221;<\/div>\n<\/div>\n<p>Os deputados da oposi\u00e7\u00e3o criticaram a falta de uma condena\u00e7\u00e3o mais firme ao Hamas e a classifica\u00e7\u00e3o do grupo como terrorista. \u201cO ataque covarde, terrorista, b\u00e1rbaro que aconteceu, do Hamas contra o Estado de Israel, n\u00e3o pode ficar e merecer o sil\u00eancio desta Na\u00e7\u00e3o. Especial ao presidente Lula, que n\u00e3o deu nome aos bois. Foi um atentado terrorista do Hamas. N\u00e3o tem que passar m\u00e3o no terrorista\u201d, disse a deputada Adriana Ventura (Novo-SP).<\/p>\n<p>A deputada Clarissa T\u00e9rcio (PP-PE) pediu ajuda militar do Brasil a Israel. \u201cEu pergunto: qual o motivo de o presidente Lula n\u00e3o ter agido com firmeza e nem sequer citar o grupo terrorista Hamas quando falou dos ataques? Eu pergunto aqui, e o mundo est\u00e1 observando os Estados Unidos enviando ajuda militar a Israel. E cad\u00ea o Brasil nisso? Vamos lembrar que os soldados de Israel estiveram aqui no Brasil durante a trag\u00e9dia de Brumadinho, e eles vieram para nos ajudar. Cad\u00ea o Brasil?\u201d, questionou.<\/p>\n<p>Para o deputado Helder Salom\u00e3o (PT-ES), da base governista, o que o Brasil prop\u00f5e \u00e9 paz e di\u00e1logo. \u201cTodo ato de viol\u00eancia tem que ser condenado, todo ato terrorista tem que ser condenado. Ent\u00e3o o ato praticado pelo Hamas tem que ser condenado. N\u00e3o h\u00e1 solu\u00e7\u00e3o para os conflitos se n\u00e3o for por meio do di\u00e1logo. Ao inv\u00e9s de enviar armas para o conflito entre Israel e Palestina, os Estados Unidos deveriam enviar uma miss\u00e3o de paz. \u00c9 o que o governo brasileiro prop\u00f5e.\u201d<\/p>\n<p><strong>Divis\u00e3o pol\u00edtica<br \/>\n<\/strong>A discuss\u00e3o no Plen\u00e1rio sobre a guerra no Oriente M\u00e9dio teve tamb\u00e9m refer\u00eancias \u00e0 divis\u00e3o pol\u00edtica no Brasil. O deputado Luiz Lima (PL-RJ) criticou o que chamou de posi\u00e7\u00e3o da esquerda sobre o Hamas e a Palestina.<\/p>\n<p>\u201cQual a posi\u00e7\u00e3o que o governo brasileiro tem sobre o Hamas, movimento terrorista? Por que deputados de esquerda visitam a Palestina, um lugar onde n\u00e3o se respeita a liberdade religiosa, onde n\u00e3o se respeita os gays, onde n\u00e3o se respeita a democracia?\u201d, questionou.<\/p>\n<div class=\"image-container\">\n<div class=\"midia-creditos\"><em>Zeca Ribeiro\/C\u00e2mara dos Deputados<\/em><\/div>\n<div class=\"media-wrapper\"><\/div>\n<div class=\"midia-legenda\">Clarissa T\u00e9rcio: &#8220;soldados de Israel vieram ao Brasil para ajudar na trag\u00e9dia de Brumadinho&#8221;<\/div>\n<\/div>\n<p>O deputado Rog\u00e9rio Correia (PT-MG), por sua vez, condenou ataques a civis e atribuiu parte da responsabilidade pelo conflito a atos do que chamou de ultradireita de Israel.<\/p>\n<p>\u201cO governo tem uma posi\u00e7\u00e3o muito clara de repudiar qualquer ataque a civis e, nesse sentido, pedir a paz. E \u00e9 \u00f3bvio que l\u00e1 em Israel a ultradireita, assim como a ultradireita aqui no Brasil, age sempre dessa forma: em tom b\u00e9lico, em tom de sangue e em tom de opress\u00e3o. O povo palestino, e n\u00e3o estou falando do Hamas, falo do povo palestino, foi sempre oprimido por este tipo de governo de ultradireita\u201d, afirmou.<\/p>\n<p>A deputada Jandira Feghali (PCdoB-RJ) tamb\u00e9m condenou ataques a civis e defendeu uma an\u00e1lise hist\u00f3rica do conflito. Ela disse que o Hamas n\u00e3o representa os palestinos.<\/p>\n<p>\u201cN\u00f3s temos uma brutal solidariedade ao povo judeu e temos tamb\u00e9m solidariedade \u00e0 popula\u00e7\u00e3o da Palestina. O Hamas n\u00e3o \u00e9 a Palestina, mas isso tudo chegou a este ponto porque Israel nunca reconheceu o Estado palestino. As coisas n\u00e3o chegam a este ponto por acaso. Isso justifica ataques a civis? N\u00e3o, a nenhum deles. Nem do Hamas e nem de Israel contra a Palestina\u201d, declarou.<\/p>\n<p>A guerra na regi\u00e3o come\u00e7ou s\u00e1bado, com ataques do Hamas a Israel a partir da faixa de Gaza, territ\u00f3rio palestino ao sul do pa\u00eds, na fronteira com o Egito.<\/p>","protected":false},"excerpt":{"rendered":"<p>A posi\u00e7\u00e3o do Brasil sobre o conflito entre Israel e o grupo Hamas provocou discuss\u00e3o entre deputados da base do governo e da oposi\u00e7\u00e3o no Plen\u00e1rio da C\u00e2mara. A oposi\u00e7\u00e3o cobrou uma condena\u00e7\u00e3o mais firme do Pa\u00eds ao Hamas, que desde s\u00e1bado (7) provocou quase mil mortes em ataques a cidades israelenses. Com a resposta [&hellip;]<\/p>\n","protected":false},"author":0,"featured_media":0,"comment_status":"open","ping_status":"open","sticky":false,"template":"","format":"standard","meta":{"footnotes":""},"categories":[1],"tags":[],"_links":{"self":[{"href":"https:\/\/jeffersonisac.adv.br\/index.php\/wp-json\/wp\/v2\/posts\/2882"}],"collection":[{"href":"https:\/\/jeffersonisac.adv.br\/index.php\/wp-json\/wp\/v2\/posts"}],"about":[{"href":"https:\/\/jeffersonisac.adv.br\/index.php\/wp-json\/wp\/v2\/types\/post"}],"replies":[{"embeddable":true,"href":"https:\/\/jeffersonisac.adv.br\/index.php\/wp-json\/wp\/v2\/comments?post=2882"}],"version-history":[{"count":0,"href":"https:\/\/jeffersonisac.adv.br\/index.php\/wp-json\/wp\/v2\/posts\/2882\/revisions"}],"wp:attachment":[{"href":"https:\/\/jeffersonisac.adv.br\/index.php\/wp-json\/wp\/v2\/media?parent=2882"}],"wp:term":[{"taxonomy":"category","embeddable":true,"href":"https:\/\/jeffersonisac.adv.br\/index.php\/wp-json\/wp\/v2\/categories?post=2882"},{"taxonomy":"post_tag","embeddable":true,"href":"https:\/\/jeffersonisac.adv.br\/index.php\/wp-json\/wp\/v2\/tags?post=2882"}],"curies":[{"name":"wp","href":"https:\/\/api.w.org\/{rel}","templated":true}]}}