{"id":2884,"date":"2023-10-10T03:03:45","date_gmt":"2023-10-10T06:03:45","guid":{"rendered":"https:\/\/jeffersonisac.adv.br\/index.php\/2023\/10\/10\/projeto-reserva-cargos-para-pessoas-com-sindrome-de-down-em-prestadores-de-servicos-ao-poder-publico\/"},"modified":"2023-10-10T03:03:45","modified_gmt":"2023-10-10T06:03:45","slug":"projeto-reserva-cargos-para-pessoas-com-sindrome-de-down-em-prestadores-de-servicos-ao-poder-publico","status":"publish","type":"post","link":"https:\/\/jeffersonisac.adv.br\/index.php\/2023\/10\/10\/projeto-reserva-cargos-para-pessoas-com-sindrome-de-down-em-prestadores-de-servicos-ao-poder-publico\/","title":{"rendered":"Projeto reserva cargos para pessoas com s\u00edndrome de Down em prestadores de servi\u00e7os ao poder p\u00fablico"},"content":{"rendered":"<div class=\"image-container\">\n<div class=\"midia-creditos\"><em>Bruno Spada\/C\u00e2mara dos Deputados<\/em><\/div>\n<div class=\"media-wrapper\"><\/div>\n<div class=\"midia-legenda\">Duarte Jr.: &#8220;Inclus\u00e3o ser\u00e1 ben\u00e9fica para ambos os polos da rela\u00e7\u00e3o&#8221;<\/div>\n<\/div>\n<p><span>O Projeto de Lei 3411\/23 determina que os prestadores de servi\u00e7os da administra\u00e7\u00e3o p\u00fablica direta e indireta da Uni\u00e3o com mais de 100 funcion\u00e1rios destinem pelo menos 2% das vagas a pessoas com s\u00edndrome de Down.<\/span><\/p>\n<p><span>Hoje, a legisla\u00e7\u00e3o j\u00e1 prev\u00ea que empresas com 100 ou mais empregados preencham de 2% a 5% dos cargos com pessoas com defici\u00eancia. De acordo com a proposta, a contrata\u00e7\u00e3o das pessoas com s\u00edndrome de Down n\u00e3o poder\u00e1 ser descontada dessa parcela.\u00a0<\/span><\/p>\n<p><span>Autor do projeto, o deputado Duarte Jr. (PSB-MA), afirma que \u201ca inclus\u00e3o da pessoa com s\u00edndrome de Down pode ser ben\u00e9fica para ambos os polos da rela\u00e7\u00e3o, j\u00e1 que oferece a gera\u00e7\u00e3o de resultados e, principalmente, valores sociais\u201d.<\/span><\/p>\n<p><span>O parlamentar ressalta ainda que a medida oferece \u00e0 pessoa com s\u00edndrome de Down a oportunidade de &#8220;conviver de maneira direta e ativa na sociedade&#8221; e favorece o desenvolvimento de habilidades cognitivas, mec\u00e2nicas e de adapta\u00e7\u00e3o a diferentes situa\u00e7\u00f5es.\u00a0<\/span><\/p>\n<p><strong>Qualifica\u00e7\u00e3o<\/strong><span><br \/>\n<\/span><span>Pela proposta, o Poder Executivo criar\u00e1 instrumentos para o cumprimento da medida, atuando para estimular parcerias que reforcem a contrata\u00e7\u00e3o e a qualifica\u00e7\u00e3o de pessoa com s\u00edndrome de Down, como a exig\u00eancia de recrutamento p\u00fablico para o devido preenchimento das vagas.\u00a0<\/span><\/p>\n<p><span>Os prestadores que n\u00e3o cumprirem a medida ficar\u00e3o sujeitos \u00e0 inabilita\u00e7\u00e3o para contratar com o poder p\u00fablico federal.\u00a0<\/span><\/p>\n<p><strong>Tramita\u00e7\u00e3o<br \/>\n<\/strong><span>A proposta ser\u00e1 analisada pelas comiss\u00f5es de Defesa dos Direitos das Pessoas com Defici\u00eancia; de Administra\u00e7\u00e3o e Servi\u00e7o P\u00fablico; de Finan\u00e7as e Tributa\u00e7\u00e3o; e de Constitui\u00e7\u00e3o e Justi\u00e7a e de Cidadania.<\/span><\/p>\n<p><a href=\"https:\/\/www.camara.leg.br\/noticias\/573454-SAIBA-MAIS-SOBRE-A-TRAMITACAO-DE-PROJETOS-DE-LEI\">Saiba mais sobre a tramita\u00e7\u00e3o de projetos de lei<\/a><\/p>","protected":false},"excerpt":{"rendered":"<p>Bruno Spada\/C\u00e2mara dos Deputados Duarte Jr.: &#8220;Inclus\u00e3o ser\u00e1 ben\u00e9fica para ambos os polos da rela\u00e7\u00e3o&#8221; O Projeto de Lei 3411\/23 determina que os prestadores de servi\u00e7os da administra\u00e7\u00e3o p\u00fablica direta e indireta da Uni\u00e3o com mais de 100 funcion\u00e1rios destinem pelo menos 2% das vagas a pessoas com s\u00edndrome de Down. Hoje, a legisla\u00e7\u00e3o j\u00e1 [&hellip;]<\/p>\n","protected":false},"author":0,"featured_media":0,"comment_status":"open","ping_status":"open","sticky":false,"template":"","format":"standard","meta":{"footnotes":""},"categories":[1],"tags":[],"_links":{"self":[{"href":"https:\/\/jeffersonisac.adv.br\/index.php\/wp-json\/wp\/v2\/posts\/2884"}],"collection":[{"href":"https:\/\/jeffersonisac.adv.br\/index.php\/wp-json\/wp\/v2\/posts"}],"about":[{"href":"https:\/\/jeffersonisac.adv.br\/index.php\/wp-json\/wp\/v2\/types\/post"}],"replies":[{"embeddable":true,"href":"https:\/\/jeffersonisac.adv.br\/index.php\/wp-json\/wp\/v2\/comments?post=2884"}],"version-history":[{"count":0,"href":"https:\/\/jeffersonisac.adv.br\/index.php\/wp-json\/wp\/v2\/posts\/2884\/revisions"}],"wp:attachment":[{"href":"https:\/\/jeffersonisac.adv.br\/index.php\/wp-json\/wp\/v2\/media?parent=2884"}],"wp:term":[{"taxonomy":"category","embeddable":true,"href":"https:\/\/jeffersonisac.adv.br\/index.php\/wp-json\/wp\/v2\/categories?post=2884"},{"taxonomy":"post_tag","embeddable":true,"href":"https:\/\/jeffersonisac.adv.br\/index.php\/wp-json\/wp\/v2\/tags?post=2884"}],"curies":[{"name":"wp","href":"https:\/\/api.w.org\/{rel}","templated":true}]}}