{"id":2899,"date":"2023-10-10T19:49:55","date_gmt":"2023-10-10T22:49:55","guid":{"rendered":"https:\/\/jeffersonisac.adv.br\/index.php\/2023\/10\/10\/camara-aprova-texto-base-de-projeto-sobre-prevencao-de-desastres-e-suspende-sessao-acompanhe\/"},"modified":"2023-10-10T19:49:55","modified_gmt":"2023-10-10T22:49:55","slug":"camara-aprova-texto-base-de-projeto-sobre-prevencao-de-desastres-e-suspende-sessao-acompanhe","status":"publish","type":"post","link":"https:\/\/jeffersonisac.adv.br\/index.php\/2023\/10\/10\/camara-aprova-texto-base-de-projeto-sobre-prevencao-de-desastres-e-suspende-sessao-acompanhe\/","title":{"rendered":"C\u00e2mara aprova texto-base de projeto sobre preven\u00e7\u00e3o de desastres e suspende sess\u00e3o; acompanhe"},"content":{"rendered":"<div class=\"image-container\">\n<div class=\"midia-creditos\"><em>Zeca Ribeiro\/C\u00e2mara dos Deputados<\/em><\/div>\n<div class=\"media-wrapper\"><\/div>\n<div class=\"midia-legenda\">Marcos Pereira (C) preside a sess\u00e3o do Plen\u00e1rio desta ter\u00e7a-feira<\/div>\n<\/div>\n<p>A C\u00e2mara dos Deputados aprovou o texto-base do projeto de lei que reformula a legisla\u00e7\u00e3o sobre preven\u00e7\u00e3o de desastres. O Projeto de Lei 2012\/22, do Senado, tamb\u00e9m estipula prazos para a elabora\u00e7\u00e3o de planos de Defesa Civil.<\/p>\n<p>O texto-base aprovado \u00e9 o <span class=\"termoGlossario\">substitutivo<\/span> do relator, deputado Zucco (Republicanos-RS), que inclui novas obriga\u00e7\u00f5es para o empreendedor que exerce atividades com risco de acidente ou desastre.<\/p>\n<p>Ap\u00f3s a aprova\u00e7\u00e3o, o 1\u00ba vice-presidente da C\u00e2mara, deputado Marcos Pereira (Republicanos-SP), suspendeu a sess\u00e3o do Plen\u00e1rio para uma reuni\u00e3o dele com os l\u00edderes partid\u00e1rios em torno da pauta.<\/p>\n<p>No Plen\u00e1rio, alguns deputados manifestaram diverg\u00eancias sobre conte\u00fado de uma das mo\u00e7\u00f5es de rep\u00fadio aprovadas hoje, relacionadas ao conflito entre o grupo Hamas e Israel.<\/p>\n<p>A maior parte dos partidos entrou em <span class=\"termoGlossario\">obstru\u00e7\u00e3o<\/span>, o que levaria ao encerramento da sess\u00e3o.<\/p>\n<p><strong>Mo\u00e7\u00e3o de rep\u00fadio<\/strong><br \/>\nDeputados da oposi\u00e7\u00e3o interromperam discurso do deputado Rog\u00e9rio Correia (PT-MG) no qual defendia a mo\u00e7\u00e3o assinada pela Federa\u00e7\u00e3o PT-PCdoB-PV, aprovada em conjunto com as demais, e que \u201crepudia a viol\u00eancia do Hamas e do Estado de Israel\u201d.<\/p>\n<p>Os deputados contr\u00e1rios apenas aos ataques do Hamas protestaram contra a vota\u00e7\u00e3o em globo porque os votos de todos os deputados aprovaram todas as mo\u00e7\u00f5es, independentemente de cada qual concordar ou n\u00e3o com o conte\u00fado espec\u00edfico de cada uma.<\/p>\n<p><strong>Mais informa\u00e7\u00f5es em instantes<\/strong><\/p>\n<p><a href=\"https:\/\/www.youtube.com\/watch?v=blC0BCdRElk\">Assista ao vivo<\/a><\/p>","protected":false},"excerpt":{"rendered":"<p>Zeca Ribeiro\/C\u00e2mara dos Deputados Marcos Pereira (C) preside a sess\u00e3o do Plen\u00e1rio desta ter\u00e7a-feira A C\u00e2mara dos Deputados aprovou o texto-base do projeto de lei que reformula a legisla\u00e7\u00e3o sobre preven\u00e7\u00e3o de desastres. O Projeto de Lei 2012\/22, do Senado, tamb\u00e9m estipula prazos para a elabora\u00e7\u00e3o de planos de Defesa Civil. O texto-base aprovado \u00e9 [&hellip;]<\/p>\n","protected":false},"author":0,"featured_media":0,"comment_status":"open","ping_status":"open","sticky":false,"template":"","format":"standard","meta":{"footnotes":""},"categories":[1],"tags":[],"_links":{"self":[{"href":"https:\/\/jeffersonisac.adv.br\/index.php\/wp-json\/wp\/v2\/posts\/2899"}],"collection":[{"href":"https:\/\/jeffersonisac.adv.br\/index.php\/wp-json\/wp\/v2\/posts"}],"about":[{"href":"https:\/\/jeffersonisac.adv.br\/index.php\/wp-json\/wp\/v2\/types\/post"}],"replies":[{"embeddable":true,"href":"https:\/\/jeffersonisac.adv.br\/index.php\/wp-json\/wp\/v2\/comments?post=2899"}],"version-history":[{"count":0,"href":"https:\/\/jeffersonisac.adv.br\/index.php\/wp-json\/wp\/v2\/posts\/2899\/revisions"}],"wp:attachment":[{"href":"https:\/\/jeffersonisac.adv.br\/index.php\/wp-json\/wp\/v2\/media?parent=2899"}],"wp:term":[{"taxonomy":"category","embeddable":true,"href":"https:\/\/jeffersonisac.adv.br\/index.php\/wp-json\/wp\/v2\/categories?post=2899"},{"taxonomy":"post_tag","embeddable":true,"href":"https:\/\/jeffersonisac.adv.br\/index.php\/wp-json\/wp\/v2\/tags?post=2899"}],"curies":[{"name":"wp","href":"https:\/\/api.w.org\/{rel}","templated":true}]}}