{"id":2905,"date":"2023-10-10T23:36:54","date_gmt":"2023-10-11T02:36:54","guid":{"rendered":"https:\/\/jeffersonisac.adv.br\/index.php\/2023\/10\/10\/produtores-de-leite-reclamam-de-concorrencia-com-leite-em-po-do-mercosul\/"},"modified":"2023-10-10T23:36:54","modified_gmt":"2023-10-11T02:36:54","slug":"produtores-de-leite-reclamam-de-concorrencia-com-leite-em-po-do-mercosul","status":"publish","type":"post","link":"https:\/\/jeffersonisac.adv.br\/index.php\/2023\/10\/10\/produtores-de-leite-reclamam-de-concorrencia-com-leite-em-po-do-mercosul\/","title":{"rendered":"Produtores de leite reclamam de concorr\u00eancia com leite em p\u00f3 do Mercosul"},"content":{"rendered":"<p>Em audi\u00eancia p\u00fablica na C\u00e2mara dos Deputados nesta ter\u00e7a-feira (10), representantes dos produtores de leite reclamaram de concorr\u00eancia desleal com o leite em p\u00f3 vindo da Argentina e do Uruguai. O debate foi promovido pela Comiss\u00e3o de Ind\u00fastria, Com\u00e9rcio e Servi\u00e7os.<\/p>\n<p>O presidente das Associa\u00e7\u00f5es Empresariais de Santa Catarina, S\u00e9rgio Rodrigues, afirmou que o setor est\u00e1 passando por grandes dificuldades, fazendo com que os produtores migrem para outras atividades como forma de sobreviver.<\/p>\n<p>\u201cS\u00f3 para os senhores terem uma ideia da dificuldade: Santa Catarina tinha, na d\u00e9cada de 90, 75 mil fam\u00edlias produtoras; hoje s\u00e3o 24 mil. Essa \u00e9 aquela famosa hist\u00f3ria da morte lenta\u201d, disse Rodrigues.<\/p>\n<div class=\"image-container\">\n<div class=\"midia-creditos\"><em>Vinicius Loures \/ C\u00e2mara dos Deputados<\/em><\/div>\n<div class=\"media-wrapper\"><\/div>\n<div class=\"midia-legenda\">Assunto foi debatido pela Comiss\u00e3o de Ind\u00fastria, Com\u00e9rcio e Servi\u00e7os<\/div>\n<\/div>\n<p>O representante do Sindicato das Ind\u00fastrias de Latic\u00ednios do Rio Grande do Sul, Darlan Palhani, lamentou que atualmente o Brasil esteja em segundo lugar na importa\u00e7\u00e3o de leite, enquanto a produ\u00e7\u00e3o nacional diminuiu quase 2% de 2020 para 2021 e continua diminuindo.<\/p>\n<p>A realiza\u00e7\u00e3o da audi\u00eancia p\u00fablica foi sugerida pelo deputado Heitor Schuch (PSB-RS). Ele destacou que o setor leiteiro \u00e9 um dos mais importantes do Pa\u00eds e precisa de aten\u00e7\u00e3o especial por parte do governo. Ele citou dados segundo os quais a importa\u00e7\u00e3o de leite em p\u00f3 da Argentina e do Uruguai aumentou mais de quatro vezes entre janeiro e maio de 2023 em compara\u00e7\u00e3o com os primeiros meses de 2022.<\/p>\n<p>&#8220;Em junho, foram 72,8 mil toneladas, contra 16,9 mil toneladas no mesmo per\u00edodo no ano anterior. O aumento expressivo na importa\u00e7\u00e3o de leite tem impacto direto na manuten\u00e7\u00e3o das atividades dos produtores brasileiros, uma vez que vem acentuando a falta de est\u00edmulo \u00e0 produ\u00e7\u00e3o nacional com o risco de encolhimento da cadeia produtiva e desabastecimento do produto\u201d, apontou.<\/p>\n<p><strong>Livre com\u00e9rcio<\/strong><br \/>\nO representante da C\u00e2mara de Com\u00e9rcio Exterior do Minist\u00e9rio da Ind\u00fastria e Com\u00e9rcio, Andr\u00e9 de Castro, lembrou que 98% das importa\u00e7\u00f5es v\u00eam de pa\u00edses que fazem parte do <span class=\"termoGlossario\">Mercosul<\/span> e, por isso, a pol\u00edtica de aumentar a tarifa de importa\u00e7\u00e3o n\u00e3o pode ser usada, uma vez que se trata de uma \u00e1rea de livre com\u00e9rcio.<\/p>\n<p>Andr\u00e9 de Castro afirmou que a pasta est\u00e1 estudando outras formas de diminuir as importa\u00e7\u00f5es e o impacto sobre a produ\u00e7\u00e3o nacional. Ele disse ainda que o governo criou um grupo interministerial para discutir de forma ampla as medidas que podem ser tomadas.<\/p>\n<p>&#8220;Tem uma s\u00e9rie de medidas propostas e cada uma de compet\u00eancia de diferentes \u00f3rg\u00e3os do governo, ent\u00e3o \u00e9 importante a cria\u00e7\u00e3o desse grupo, inclusive com a presen\u00e7a dos minist\u00e9rios da Fazenda e do Planejamento, pela quest\u00e3o or\u00e7ament\u00e1ria, que sempre \u00e9 um problema&#8221;, afirmou. &#8220;Nesse grupo, j\u00e1 est\u00e3o sendo discutidas medidas de car\u00e1ter emergencial, porque o setor precisa de ajuda no curto prazo, e tamb\u00e9m medidas de car\u00e1ter estrutural de longo prazo\u201d, completou Castro.<\/p>\n<p>O representante do Minist\u00e9rio do Desenvolvimento Agr\u00e1rio e Agricultura Familiar, Fabiano Oswald, afirmou que o governo est\u00e1 estudando uma proposta de subven\u00e7\u00e3o para os produtores com a ado\u00e7\u00e3o de um pre\u00e7o m\u00ednimo para o litro de leite. Mas, para que a medida funcione, est\u00e1 sendo feito um estudo para reajustar os valores do leite na Pol\u00edtica Geral de Pre\u00e7os M\u00ednimos.<\/p>","protected":false},"excerpt":{"rendered":"<p>Em audi\u00eancia p\u00fablica na C\u00e2mara dos Deputados nesta ter\u00e7a-feira (10), representantes dos produtores de leite reclamaram de concorr\u00eancia desleal com o leite em p\u00f3 vindo da Argentina e do Uruguai. O debate foi promovido pela Comiss\u00e3o de Ind\u00fastria, Com\u00e9rcio e Servi\u00e7os. O presidente das Associa\u00e7\u00f5es Empresariais de Santa Catarina, S\u00e9rgio Rodrigues, afirmou que o setor [&hellip;]<\/p>\n","protected":false},"author":0,"featured_media":0,"comment_status":"open","ping_status":"open","sticky":false,"template":"","format":"standard","meta":{"footnotes":""},"categories":[1],"tags":[],"_links":{"self":[{"href":"https:\/\/jeffersonisac.adv.br\/index.php\/wp-json\/wp\/v2\/posts\/2905"}],"collection":[{"href":"https:\/\/jeffersonisac.adv.br\/index.php\/wp-json\/wp\/v2\/posts"}],"about":[{"href":"https:\/\/jeffersonisac.adv.br\/index.php\/wp-json\/wp\/v2\/types\/post"}],"replies":[{"embeddable":true,"href":"https:\/\/jeffersonisac.adv.br\/index.php\/wp-json\/wp\/v2\/comments?post=2905"}],"version-history":[{"count":0,"href":"https:\/\/jeffersonisac.adv.br\/index.php\/wp-json\/wp\/v2\/posts\/2905\/revisions"}],"wp:attachment":[{"href":"https:\/\/jeffersonisac.adv.br\/index.php\/wp-json\/wp\/v2\/media?parent=2905"}],"wp:term":[{"taxonomy":"category","embeddable":true,"href":"https:\/\/jeffersonisac.adv.br\/index.php\/wp-json\/wp\/v2\/categories?post=2905"},{"taxonomy":"post_tag","embeddable":true,"href":"https:\/\/jeffersonisac.adv.br\/index.php\/wp-json\/wp\/v2\/tags?post=2905"}],"curies":[{"name":"wp","href":"https:\/\/api.w.org\/{rel}","templated":true}]}}