{"id":2907,"date":"2023-10-10T23:36:55","date_gmt":"2023-10-11T02:36:55","guid":{"rendered":"https:\/\/jeffersonisac.adv.br\/index.php\/2023\/10\/10\/camara-aprova-urgencia-para-projetos-sobre-direitos-das-pessoas-com-deficiencia\/"},"modified":"2023-10-10T23:36:55","modified_gmt":"2023-10-11T02:36:55","slug":"camara-aprova-urgencia-para-projetos-sobre-direitos-das-pessoas-com-deficiencia","status":"publish","type":"post","link":"https:\/\/jeffersonisac.adv.br\/index.php\/2023\/10\/10\/camara-aprova-urgencia-para-projetos-sobre-direitos-das-pessoas-com-deficiencia\/","title":{"rendered":"C\u00e2mara aprova urg\u00eancia para projetos sobre direitos das pessoas com defici\u00eancia"},"content":{"rendered":"<div class=\"image-container\">\n<div class=\"midia-creditos\"><em>Zeca Ribeiro\/C\u00e2mara dos Deputados<\/em><\/div>\n<div class=\"media-wrapper\"><\/div>\n<div class=\"midia-legenda\">Sess\u00e3o do Plen\u00e1rio desta ter\u00e7a-feira<\/div>\n<\/div>\n<p>A C\u00e2mara dos Deputados aprovou o regime de <span class=\"termoGlossario\">urg\u00eancia<\/span> para sete projetos sobre direitos das pessoas com defici\u00eancia. Em seguida, a <span class=\"termoGlossario\">Ordem do Dia<\/span> do Plen\u00e1rio foi encerrada. Confira os projetos com novo regime de tramita\u00e7\u00e3o:<\/p>\n<p>&#8211; PL 4050\/23, dos deputados Am\u00e1lia Barros (PL-MT) e Jadyel Alencar (PV-PI), que obriga a oferta de profissionais especializados em apoio escolar para alunos com defici\u00eancia nas escolas p\u00fablicas e privadas do ensino regular;<\/p>\n<p>&#8211; PL 4540\/23, do deputado Z\u00e9 Haroldo Cathedral (PSD-RR), que inclui como diretriz da Pol\u00edtica Nacional de Prote\u00e7\u00e3o dos Direitos da Pessoa com Transtorno do Espectro Autista o incentivo para adultos procurarem diagn\u00f3stico;<\/p>\n<p>&#8211; PL 2749\/23, do deputado Florentino Neto (PT-PI), que institui prioridade de tramita\u00e7\u00e3o para os processos que configurem como parte ou interessada pessoa com defici\u00eancia;<\/p>\n<p>&#8211; PL 2673\/23, da deputada Andreia Siqueira (MDB-PA), que prev\u00ea a inclus\u00e3o, na forma\u00e7\u00e3o dos profissionais da educa\u00e7\u00e3o, de t\u00f3picos sobre a detec\u00e7\u00e3o precoce do transtorno de espectro autista na primeira inf\u00e2ncia;<\/p>\n<p>&#8211; <a class=\"linkProposicao\" href=\"https:\/\/www.camara.leg.br\/noticias\/614224-projeto-cria-politica-para-garantir-direitos-de-pacientes-de-sindromes-articulares\">PL 4817\/19<\/a>, do ex-deputado Roberto de Lucena e da deputada Maria Rosas (Republicanos-SP), que institui a Pol\u00edtica Nacional de Aten\u00e7\u00e3o Integral \u00e0 Pessoa com a S\u00edndrome de Ehlers-Danlos e a S\u00edndrome de Hipermobilidade;<\/p>\n<p>&#8211; PL 4396\/23, do deputado M\u00e1rcio Jerry (PCdoB-MA), que inclui as pessoas com defici\u00eancia nas pol\u00edticas de difus\u00e3o dos direitos fundamentais e dos direitos humanos; e<\/p>\n<p>&#8211; <a class=\"linkProposicao\" href=\"https:\/\/www.camara.leg.br\/noticias\/634789-projeto-obriga-administracao-publica-a-usar-linguagem-simples\">PL 6256\/19<\/a>, da deputada Erika Kokay (PT-DF) e do ex-deputado Pedro Augusto Bezerra, que institui a Pol\u00edtica Nacional de Linguagem Simples nos \u00f3rg\u00e3os e entidades da administra\u00e7\u00e3o p\u00fablica direta e indireta.<\/p>\n<p><a href=\"https:\/\/www.camara.leg.br\/noticias\/573454-SAIBA-MAIS-SOBRE-A-TRAMITACAO-DE-PROJETOS-DE-LEI\">Saiba mais sobre a tramita\u00e7\u00e3o de projetos de lei<\/a><\/p>","protected":false},"excerpt":{"rendered":"<p>Zeca Ribeiro\/C\u00e2mara dos Deputados Sess\u00e3o do Plen\u00e1rio desta ter\u00e7a-feira A C\u00e2mara dos Deputados aprovou o regime de urg\u00eancia para sete projetos sobre direitos das pessoas com defici\u00eancia. Em seguida, a Ordem do Dia do Plen\u00e1rio foi encerrada. Confira os projetos com novo regime de tramita\u00e7\u00e3o: &#8211; PL 4050\/23, dos deputados Am\u00e1lia Barros (PL-MT) e Jadyel [&hellip;]<\/p>\n","protected":false},"author":0,"featured_media":0,"comment_status":"open","ping_status":"open","sticky":false,"template":"","format":"standard","meta":{"footnotes":""},"categories":[1],"tags":[],"_links":{"self":[{"href":"https:\/\/jeffersonisac.adv.br\/index.php\/wp-json\/wp\/v2\/posts\/2907"}],"collection":[{"href":"https:\/\/jeffersonisac.adv.br\/index.php\/wp-json\/wp\/v2\/posts"}],"about":[{"href":"https:\/\/jeffersonisac.adv.br\/index.php\/wp-json\/wp\/v2\/types\/post"}],"replies":[{"embeddable":true,"href":"https:\/\/jeffersonisac.adv.br\/index.php\/wp-json\/wp\/v2\/comments?post=2907"}],"version-history":[{"count":0,"href":"https:\/\/jeffersonisac.adv.br\/index.php\/wp-json\/wp\/v2\/posts\/2907\/revisions"}],"wp:attachment":[{"href":"https:\/\/jeffersonisac.adv.br\/index.php\/wp-json\/wp\/v2\/media?parent=2907"}],"wp:term":[{"taxonomy":"category","embeddable":true,"href":"https:\/\/jeffersonisac.adv.br\/index.php\/wp-json\/wp\/v2\/categories?post=2907"},{"taxonomy":"post_tag","embeddable":true,"href":"https:\/\/jeffersonisac.adv.br\/index.php\/wp-json\/wp\/v2\/tags?post=2907"}],"curies":[{"name":"wp","href":"https:\/\/api.w.org\/{rel}","templated":true}]}}