{"id":2916,"date":"2023-10-11T11:14:01","date_gmt":"2023-10-11T14:14:01","guid":{"rendered":"https:\/\/jeffersonisac.adv.br\/index.php\/2023\/10\/11\/sancionada-lei-que-cria-o-novembrinho-azul-para-orientar-meninos-de-ate-15-anos-sobre-doencas-da-vida-adulta\/"},"modified":"2023-10-11T11:14:01","modified_gmt":"2023-10-11T14:14:01","slug":"sancionada-lei-que-cria-o-novembrinho-azul-para-orientar-meninos-de-ate-15-anos-sobre-doencas-da-vida-adulta","status":"publish","type":"post","link":"https:\/\/jeffersonisac.adv.br\/index.php\/2023\/10\/11\/sancionada-lei-que-cria-o-novembrinho-azul-para-orientar-meninos-de-ate-15-anos-sobre-doencas-da-vida-adulta\/","title":{"rendered":"Sancionada lei que cria o Novembrinho Azul, para orientar meninos de at\u00e9 15 anos sobre doen\u00e7as da vida adulta"},"content":{"rendered":"<div class=\"image-container\">\n<div class=\"midia-creditos\"><em>Roque de S\u00e1\/Ag\u00eancia Senado<\/em><\/div>\n<div class=\"media-wrapper\"><\/div>\n<div class=\"midia-legenda\">Novembro azul: Congresso apoia campanha de conscientiza\u00e7\u00e3o sobre sa\u00fade do homem<\/div>\n<\/div>\n<p>O presidente Luiz In\u00e1cio Lula da Silva sancionou a lei que cria o Novembrinho Azul, programa destinado a alertar meninos de at\u00e9 15 anos sobre os cuidados com a sa\u00fade na vida adulta. A <a class=\"linkLegislacao\" href=\"https:\/\/www2.camara.gov.br\/legin\/fed\/lei\/2023\/lei-14694-10-outubro-2023-794787-norma-pl.html\">Lei 14.694\/23<\/a> foi publicada no Di\u00e1rio Oficial da Uni\u00e3o desta quarta-feira (11).<\/p>\n<p>A norma teve origem no Projeto de Lei 3930\/21, do deputado Dr. Zacharias Calil (Uni\u00e3o-GO), aprovado <a href=\"https:\/\/www.camara.leg.br\/noticias\/874789-DEPUTADOS-APROVAM-PROPOSTA-QUE-INSTITUI-A-CAMPANHA-NOVEMBRINHO-AZUL\">pela C\u00e2mara dos Deputados no ano passado<\/a> e pelo Senado em setembro \u00faltimo.<\/p>\n<p><strong>A\u00e7\u00f5es<\/strong><br \/>\nEntre as a\u00e7\u00f5es previstas est\u00e3o debates com especialistas sobre a preven\u00e7\u00e3o de doen\u00e7as e campanhas de conscientiza\u00e7\u00e3o com material informativo.<\/p>\n<p>As campanhas devem esclarecer d\u00favidas e orientar os meninos sobre quadros de dor ou aumento de volume dos test\u00edculos, a vacina contra o papilomav\u00edrus humano (HPV), al\u00e9m de outras informa\u00e7\u00f5es sobre fatores de risco de doen\u00e7as na vida adulta.<\/p>\n<p>O Novembrinho Azul prev\u00ea ainda a capacita\u00e7\u00e3o cont\u00ednua de equipes do Sistema \u00danico de Sa\u00fade (SUS) que lidam com meninos de at\u00e9 15 anos.<\/p>\n<p><a href=\"https:\/\/www.camara.leg.br\/noticias\/573454-SAIBA-MAIS-SOBRE-A-TRAMITACAO-DE-PROJETOS-DE-LEI\">Saiba mais sobre a tramita\u00e7\u00e3o de projetos de lei<\/a><\/p>","protected":false},"excerpt":{"rendered":"<p>Roque de S\u00e1\/Ag\u00eancia Senado Novembro azul: Congresso apoia campanha de conscientiza\u00e7\u00e3o sobre sa\u00fade do homem O presidente Luiz In\u00e1cio Lula da Silva sancionou a lei que cria o Novembrinho Azul, programa destinado a alertar meninos de at\u00e9 15 anos sobre os cuidados com a sa\u00fade na vida adulta. A Lei 14.694\/23 foi publicada no Di\u00e1rio [&hellip;]<\/p>\n","protected":false},"author":0,"featured_media":0,"comment_status":"open","ping_status":"open","sticky":false,"template":"","format":"standard","meta":{"footnotes":""},"categories":[1],"tags":[],"_links":{"self":[{"href":"https:\/\/jeffersonisac.adv.br\/index.php\/wp-json\/wp\/v2\/posts\/2916"}],"collection":[{"href":"https:\/\/jeffersonisac.adv.br\/index.php\/wp-json\/wp\/v2\/posts"}],"about":[{"href":"https:\/\/jeffersonisac.adv.br\/index.php\/wp-json\/wp\/v2\/types\/post"}],"replies":[{"embeddable":true,"href":"https:\/\/jeffersonisac.adv.br\/index.php\/wp-json\/wp\/v2\/comments?post=2916"}],"version-history":[{"count":0,"href":"https:\/\/jeffersonisac.adv.br\/index.php\/wp-json\/wp\/v2\/posts\/2916\/revisions"}],"wp:attachment":[{"href":"https:\/\/jeffersonisac.adv.br\/index.php\/wp-json\/wp\/v2\/media?parent=2916"}],"wp:term":[{"taxonomy":"category","embeddable":true,"href":"https:\/\/jeffersonisac.adv.br\/index.php\/wp-json\/wp\/v2\/categories?post=2916"},{"taxonomy":"post_tag","embeddable":true,"href":"https:\/\/jeffersonisac.adv.br\/index.php\/wp-json\/wp\/v2\/tags?post=2916"}],"curies":[{"name":"wp","href":"https:\/\/api.w.org\/{rel}","templated":true}]}}