{"id":2918,"date":"2023-10-11T12:11:02","date_gmt":"2023-10-11T15:11:02","guid":{"rendered":"https:\/\/jeffersonisac.adv.br\/index.php\/2023\/10\/11\/comissao-vai-debater-medidas-de-reestruturacao-do-estado-frente-ao-envelhecimento-da-populacao-brasileira\/"},"modified":"2023-10-11T12:11:02","modified_gmt":"2023-10-11T15:11:02","slug":"comissao-vai-debater-medidas-de-reestruturacao-do-estado-frente-ao-envelhecimento-da-populacao-brasileira","status":"publish","type":"post","link":"https:\/\/jeffersonisac.adv.br\/index.php\/2023\/10\/11\/comissao-vai-debater-medidas-de-reestruturacao-do-estado-frente-ao-envelhecimento-da-populacao-brasileira\/","title":{"rendered":"Comiss\u00e3o vai debater medidas de reestrutura\u00e7\u00e3o do Estado frente ao envelhecimento da popula\u00e7\u00e3o brasileira"},"content":{"rendered":"<div class=\"image-container\">\n<div class=\"midia-creditos\"><em>Bruno Spada\/C\u00e2mara dos Deputados<\/em><\/div>\n<div class=\"media-wrapper\"><\/div>\n<div class=\"midia-legenda\">Alexandre Lindenmeyer \u00e9 o autor do requerimento para a realiza\u00e7\u00e3o da audi\u00eancia<\/div>\n<\/div>\n<p>A Comiss\u00e3o de Defesa dos Direitos da Pessoa Idosa vai realizar audi\u00eancia p\u00fablica na pr\u00f3xima quarta-feira (18) para debater o planejamento de a\u00e7\u00f5es que contemplem o aumento o envelhecimento da popula\u00e7\u00e3o brasilera.<\/p>\n<p>Confira a <a href=\"https:\/\/www.camara.leg.br\/evento-legislativo\/70202\">lista de convidados<\/a> para a reuni\u00e3o, que est\u00e1 marcada para as 14h30 no plen\u00e1rio 12.<\/p>\n<p>O autor do requerimento para a realiza\u00e7\u00e3o da audi\u00eancia \u00e9 o deputado\u00a0 Alexandre Lindenmeyer (PT-RS). Ele cita uma s\u00e9rie de proje\u00e7\u00f5es demogr\u00e1ficas elaboradas pelo IBGE que demonstram o estreitamento gradual da base da pir\u00e2mide demogr\u00e1fica e o alargamento de seu topo entre 1980 e 2060.<\/p>\n<p>Entre os efeitos dessa redu\u00e7\u00e3o da popula\u00e7\u00e3o jovem em rela\u00e7\u00e3o ao total e o aumento gradativo da popula\u00e7\u00e3o mais velha est\u00e3o:<\/p>\n<p>o esvaziamento das \u00e1reas rurais e do interior do territ\u00f3rio nacional,<br \/>\nredu\u00e7\u00e3o da popula\u00e7\u00e3o em idade ativa, e<br \/>\nprogressivo comprometimento da base de sustenta\u00e7\u00e3o da previd\u00eancia social.<\/p>\n<p><strong>Reestrutura\u00e7\u00e3o do Estado<br \/>\n<\/strong>&#8220;Estamos testemunhando os primeiros sinais de mudan\u00e7as r\u00e1pidas e significativas na estrutura da sociedade brasileira, com impactos nas pol\u00edticas p\u00fablicas, na economia, na renda das fam\u00edlias, no cuidado com as pessoas idosas, nos espa\u00e7os urbanos, entre outras dimens\u00f5es da vida social&#8221;, destacou o deputado. &#8220;N\u00e3o se trata mais da discuss\u00e3o e cria\u00e7\u00e3o de pol\u00edticas setoriais, mas da reestrutura\u00e7\u00e3o do pr\u00f3prio Estado brasileiro para compreender e incorporar em sua agenda institucional a mudan\u00e7a demogr\u00e1fica em curso&#8221;, concluiu.<\/p>","protected":false},"excerpt":{"rendered":"<p>Bruno Spada\/C\u00e2mara dos Deputados Alexandre Lindenmeyer \u00e9 o autor do requerimento para a realiza\u00e7\u00e3o da audi\u00eancia A Comiss\u00e3o de Defesa dos Direitos da Pessoa Idosa vai realizar audi\u00eancia p\u00fablica na pr\u00f3xima quarta-feira (18) para debater o planejamento de a\u00e7\u00f5es que contemplem o aumento o envelhecimento da popula\u00e7\u00e3o brasilera. Confira a lista de convidados para a [&hellip;]<\/p>\n","protected":false},"author":0,"featured_media":0,"comment_status":"open","ping_status":"open","sticky":false,"template":"","format":"standard","meta":{"footnotes":""},"categories":[1],"tags":[],"_links":{"self":[{"href":"https:\/\/jeffersonisac.adv.br\/index.php\/wp-json\/wp\/v2\/posts\/2918"}],"collection":[{"href":"https:\/\/jeffersonisac.adv.br\/index.php\/wp-json\/wp\/v2\/posts"}],"about":[{"href":"https:\/\/jeffersonisac.adv.br\/index.php\/wp-json\/wp\/v2\/types\/post"}],"replies":[{"embeddable":true,"href":"https:\/\/jeffersonisac.adv.br\/index.php\/wp-json\/wp\/v2\/comments?post=2918"}],"version-history":[{"count":0,"href":"https:\/\/jeffersonisac.adv.br\/index.php\/wp-json\/wp\/v2\/posts\/2918\/revisions"}],"wp:attachment":[{"href":"https:\/\/jeffersonisac.adv.br\/index.php\/wp-json\/wp\/v2\/media?parent=2918"}],"wp:term":[{"taxonomy":"category","embeddable":true,"href":"https:\/\/jeffersonisac.adv.br\/index.php\/wp-json\/wp\/v2\/categories?post=2918"},{"taxonomy":"post_tag","embeddable":true,"href":"https:\/\/jeffersonisac.adv.br\/index.php\/wp-json\/wp\/v2\/tags?post=2918"}],"curies":[{"name":"wp","href":"https:\/\/api.w.org\/{rel}","templated":true}]}}