{"id":2921,"date":"2023-10-11T14:03:52","date_gmt":"2023-10-11T17:03:52","guid":{"rendered":"https:\/\/jeffersonisac.adv.br\/index.php\/2023\/10\/11\/comissao-aprova-isencao-de-ipi-na-compra-de-veiculo-para-pessoa-com-deficiencia-que-recebe-bpc\/"},"modified":"2023-10-11T14:03:52","modified_gmt":"2023-10-11T17:03:52","slug":"comissao-aprova-isencao-de-ipi-na-compra-de-veiculo-para-pessoa-com-deficiencia-que-recebe-bpc","status":"publish","type":"post","link":"https:\/\/jeffersonisac.adv.br\/index.php\/2023\/10\/11\/comissao-aprova-isencao-de-ipi-na-compra-de-veiculo-para-pessoa-com-deficiencia-que-recebe-bpc\/","title":{"rendered":"Comiss\u00e3o aprova isen\u00e7\u00e3o de IPI na compra de ve\u00edculo para pessoa com defici\u00eancia que recebe BPC"},"content":{"rendered":"<div class=\"image-container\">\n<div class=\"midia-creditos\"><em>Vinicius Loures \/ C\u00e2mara dos Deputados<\/em><\/div>\n<div class=\"media-wrapper\"><\/div>\n<div class=\"midia-legenda\">Leo Prates recomendou a aprova\u00e7\u00e3o da proposta<\/div>\n<\/div>\n<p>A Comiss\u00e3o de Defesa dos Direitos das Pessoas com Defici\u00eancia aprovou o <a class=\"linkProposicao\" href=\"https:\/\/www.camara.leg.br\/noticias\/1005077-proposta-isenta-de-ipi-pessoas-com-deficiencia-beneficiarias-do-bpc\">Projeto de Lei 3310\/23<\/a>, que concede a pessoas com defici\u00eancia que recebem o <span class=\"termoGlossario\">Benef\u00edcio de Presta\u00e7\u00e3o Continuada<\/span> (BPC) isen\u00e7\u00e3o do <span class=\"termoGlossario\">Imposto sobre Produtos Industrializados<\/span> (IPI) na compra de ve\u00edculos. O texto aprovado altera a lei que regulamenta as isen\u00e7\u00f5es de IPI (<a class=\"linkLegislacao\" href=\"https:\/\/www2.camara.gov.br\/legin\/fed\/lei\/1995\/lei-8989-24-fevereiro-1995-349817-norma-pl.html\">Lei 8.989\/95<\/a>).<\/p>\n<p>Atualmente, a legisla\u00e7\u00e3o j\u00e1 garante isen\u00e7\u00e3o do IPI para a compra de ve\u00edculos por pessoas com defici\u00eancia severa ou profunda e por pessoas com transtorno do espectro autista.<\/p>\n<p>O relator, deputado Leo Prates (PDT-BA), defendeu a aprova\u00e7\u00e3o do projeto do deputado Odair Cunha (PT-MG). Prates considera inaceit\u00e1veis os argumentos utilizados pela Receita Federal do Brasil para n\u00e3o conceder a isen\u00e7\u00e3o do tributo a pessoas com defici\u00eancia benefici\u00e1rias do BPC.<\/p>\n<p>\u201cO governo se vale do argumento de que o custo da compra do ve\u00edculo estaria em contradi\u00e7\u00e3o com a condi\u00e7\u00e3o do benefici\u00e1rio do BPC de n\u00e3o possuir meios de prover a pr\u00f3pria subsist\u00eancia\u201d, disse.<\/p>\n<p>O BPC, no valor de um sal\u00e1rio-m\u00ednimo mensal, \u00e9 pago \u00e0 pessoa com defici\u00eancia e ao idoso com 65 anos ou mais que comprovem n\u00e3o possuir meios de prover a pr\u00f3pria subsist\u00eancia nem com o apoio ida fam\u00edlia.<\/p>\n<p>\u201c\u00c9 inaceit\u00e1vel a interpreta\u00e7\u00e3o preliminar e discriminat\u00f3ria da Receita Federal de que pessoas com defici\u00eancia beneficiadas pelo BPC n\u00e3o t\u00eam direito \u00e0 isen\u00e7\u00e3o por n\u00e3o possu\u00edrem renda, j\u00e1 que contribuintes com maior poder aquisitivo podem usufruir do benef\u00edcio sem impedimentos\u201d, conclui o relator.<\/p>\n<p><strong>Tramita\u00e7\u00e3o<\/strong><br \/>\nA proposta tramita em <span class=\"termoGlossario\">car\u00e1ter conclusivo<\/span> ainda ser\u00e1 analisada pela Comiss\u00e3o de Constitui\u00e7\u00e3o e Justi\u00e7a e de Cidadania (CCJ).<\/p>\n<p><a href=\"https:\/\/www.camara.leg.br\/noticias\/573454-SAIBA-MAIS-SOBRE-A-TRAMITACAO-DE-PROJETOS-DE-LEI\">Saiba mais sobre a tramita\u00e7\u00e3o de projetos de lei<\/a><\/p>","protected":false},"excerpt":{"rendered":"<p>Vinicius Loures \/ C\u00e2mara dos Deputados Leo Prates recomendou a aprova\u00e7\u00e3o da proposta A Comiss\u00e3o de Defesa dos Direitos das Pessoas com Defici\u00eancia aprovou o Projeto de Lei 3310\/23, que concede a pessoas com defici\u00eancia que recebem o Benef\u00edcio de Presta\u00e7\u00e3o Continuada (BPC) isen\u00e7\u00e3o do Imposto sobre Produtos Industrializados (IPI) na compra de ve\u00edculos. O [&hellip;]<\/p>\n","protected":false},"author":0,"featured_media":0,"comment_status":"open","ping_status":"open","sticky":false,"template":"","format":"standard","meta":{"footnotes":""},"categories":[1],"tags":[],"_links":{"self":[{"href":"https:\/\/jeffersonisac.adv.br\/index.php\/wp-json\/wp\/v2\/posts\/2921"}],"collection":[{"href":"https:\/\/jeffersonisac.adv.br\/index.php\/wp-json\/wp\/v2\/posts"}],"about":[{"href":"https:\/\/jeffersonisac.adv.br\/index.php\/wp-json\/wp\/v2\/types\/post"}],"replies":[{"embeddable":true,"href":"https:\/\/jeffersonisac.adv.br\/index.php\/wp-json\/wp\/v2\/comments?post=2921"}],"version-history":[{"count":0,"href":"https:\/\/jeffersonisac.adv.br\/index.php\/wp-json\/wp\/v2\/posts\/2921\/revisions"}],"wp:attachment":[{"href":"https:\/\/jeffersonisac.adv.br\/index.php\/wp-json\/wp\/v2\/media?parent=2921"}],"wp:term":[{"taxonomy":"category","embeddable":true,"href":"https:\/\/jeffersonisac.adv.br\/index.php\/wp-json\/wp\/v2\/categories?post=2921"},{"taxonomy":"post_tag","embeddable":true,"href":"https:\/\/jeffersonisac.adv.br\/index.php\/wp-json\/wp\/v2\/tags?post=2921"}],"curies":[{"name":"wp","href":"https:\/\/api.w.org\/{rel}","templated":true}]}}