{"id":2924,"date":"2023-10-11T14:03:52","date_gmt":"2023-10-11T17:03:52","guid":{"rendered":"https:\/\/jeffersonisac.adv.br\/index.php\/2023\/10\/11\/comissao-de-seguranca-vai-debater-violencia-contra-policial-no-rio-de-janeiro\/"},"modified":"2023-10-11T14:03:52","modified_gmt":"2023-10-11T17:03:52","slug":"comissao-de-seguranca-vai-debater-violencia-contra-policial-no-rio-de-janeiro","status":"publish","type":"post","link":"https:\/\/jeffersonisac.adv.br\/index.php\/2023\/10\/11\/comissao-de-seguranca-vai-debater-violencia-contra-policial-no-rio-de-janeiro\/","title":{"rendered":"Comiss\u00e3o de Seguran\u00e7a vai debater viol\u00eancia contra policial no Rio de Janeiro"},"content":{"rendered":"<div class=\"image-container\">\n<div class=\"midia-creditos\"><em>Bruno Spada\/C\u00e2mara dos Deputados<\/em><\/div>\n<div class=\"media-wrapper\"><\/div>\n<div class=\"midia-legenda\">Sargento Portugal foi quem pediu a realiza\u00e7\u00e3o da audi\u00eancia<\/div>\n<\/div>\n<p>A Comiss\u00e3o de Seguran\u00e7a P\u00fablica da C\u00e2mara dos Deputados vai realizar audi\u00eancia p\u00fablica na pr\u00f3xima quarta-feira (18) para debater o aumento da criminalidade no Rio de Janeiro, especialmente a praticada contra policiais militares.<\/p>\n<p>Confira a <a href=\"https:\/\/www.camara.leg.br\/evento-legislativo\/70080\">lista de convidados<\/a> para a reuni\u00e3o, que est\u00e1 marcada para as 16h30 no plen\u00e1rio 6.<\/p>\n<p>O autor do requerimento para a realiza\u00e7\u00e3o do debate \u00e9 o deputado Sargento Portugal (Podemos-RJ). Em sua justificativa, ele lembra que 108 policiais fluminenses foram mortos em servi\u00e7o entre 2020 e 2021. &#8220;Estimando-se que as mortes em servi\u00e7o representam um ter\u00e7o das mortes violentas sofridas por policiais, cujas circunst\u00e2ncias se d\u00e3o em sua maior parte fora do turno de servi\u00e7o, pode-se pensar que s\u00e3o mais de 300 policiais do Rio de Janeiro mortos nos \u00faltimos dois anos&#8221;, acrescentou.<\/p>","protected":false},"excerpt":{"rendered":"<p>Bruno Spada\/C\u00e2mara dos Deputados Sargento Portugal foi quem pediu a realiza\u00e7\u00e3o da audi\u00eancia A Comiss\u00e3o de Seguran\u00e7a P\u00fablica da C\u00e2mara dos Deputados vai realizar audi\u00eancia p\u00fablica na pr\u00f3xima quarta-feira (18) para debater o aumento da criminalidade no Rio de Janeiro, especialmente a praticada contra policiais militares. Confira a lista de convidados para a reuni\u00e3o, que [&hellip;]<\/p>\n","protected":false},"author":0,"featured_media":0,"comment_status":"open","ping_status":"open","sticky":false,"template":"","format":"standard","meta":{"footnotes":""},"categories":[1],"tags":[],"_links":{"self":[{"href":"https:\/\/jeffersonisac.adv.br\/index.php\/wp-json\/wp\/v2\/posts\/2924"}],"collection":[{"href":"https:\/\/jeffersonisac.adv.br\/index.php\/wp-json\/wp\/v2\/posts"}],"about":[{"href":"https:\/\/jeffersonisac.adv.br\/index.php\/wp-json\/wp\/v2\/types\/post"}],"replies":[{"embeddable":true,"href":"https:\/\/jeffersonisac.adv.br\/index.php\/wp-json\/wp\/v2\/comments?post=2924"}],"version-history":[{"count":0,"href":"https:\/\/jeffersonisac.adv.br\/index.php\/wp-json\/wp\/v2\/posts\/2924\/revisions"}],"wp:attachment":[{"href":"https:\/\/jeffersonisac.adv.br\/index.php\/wp-json\/wp\/v2\/media?parent=2924"}],"wp:term":[{"taxonomy":"category","embeddable":true,"href":"https:\/\/jeffersonisac.adv.br\/index.php\/wp-json\/wp\/v2\/categories?post=2924"},{"taxonomy":"post_tag","embeddable":true,"href":"https:\/\/jeffersonisac.adv.br\/index.php\/wp-json\/wp\/v2\/tags?post=2924"}],"curies":[{"name":"wp","href":"https:\/\/api.w.org\/{rel}","templated":true}]}}