{"id":2927,"date":"2023-10-11T20:48:36","date_gmt":"2023-10-11T23:48:36","guid":{"rendered":"https:\/\/jeffersonisac.adv.br\/index.php\/2023\/10\/11\/camara-debate-prejuizos-causados-pelas-enchentes-em-cidades-do-rio-grande-do-sul\/"},"modified":"2023-10-11T20:48:36","modified_gmt":"2023-10-11T23:48:36","slug":"camara-debate-prejuizos-causados-pelas-enchentes-em-cidades-do-rio-grande-do-sul","status":"publish","type":"post","link":"https:\/\/jeffersonisac.adv.br\/index.php\/2023\/10\/11\/camara-debate-prejuizos-causados-pelas-enchentes-em-cidades-do-rio-grande-do-sul\/","title":{"rendered":"C\u00e2mara debate preju\u00edzos causados pelas enchentes em cidades do Rio Grande do Sul"},"content":{"rendered":"<div class=\"image-container\">\n<div class=\"midia-creditos\"><em>Defesa Civil\/RS<\/em><\/div>\n<div class=\"media-wrapper\"><\/div>\n<div class=\"midia-legenda\">Enchente no Rio Grande do Sul provocou alagamentos, mortes e deixou desabrigados<\/div>\n<\/div>\n<p>As comiss\u00f5es de Agricultura, Pecu\u00e1ria, Abastecimento e Desenvolvimento Rural; de Desenvolvimento Urbano e de Integra\u00e7\u00e3o Nacional e Desenvolvimento Regional realizam audi\u00eancia p\u00fablica conjunta na ter\u00e7a-feira (17) para debater sobre os preju\u00edzos das enchentes nas cidades mais afetadas do Rio Grande do Sul.<\/p>\n<p>O pedido para a realiza\u00e7\u00e3o do debate foi feito pelo deputado Marcel van Hattem (Novo-RS). &#8220;Al\u00e9m das vidas perdidas, o impacto material do desastre natural na regi\u00e3o, principalmente, do Vale do Taquari, \u00e9 muito grande. A situa\u00e7\u00e3o dos principais munic\u00edpios afetados \u00e9 ca\u00f3tica, tendo milhares de pessoas perdido todos seus bens materiais&#8221;, disse o deputado.<\/p>\n<p><a href=\"https:\/\/www.camara.leg.br\/evento-legislativo\/70435\">Confira aqui a lista de convidados para o debate e a pauta da reuni\u00e3o.<\/a><\/p>\n<p>A audi\u00eancia p\u00fablica ser\u00e1 realizada no plen\u00e1rio 6 \u00e0s 10 horas.<\/p>","protected":false},"excerpt":{"rendered":"<p>Defesa Civil\/RS Enchente no Rio Grande do Sul provocou alagamentos, mortes e deixou desabrigados As comiss\u00f5es de Agricultura, Pecu\u00e1ria, Abastecimento e Desenvolvimento Rural; de Desenvolvimento Urbano e de Integra\u00e7\u00e3o Nacional e Desenvolvimento Regional realizam audi\u00eancia p\u00fablica conjunta na ter\u00e7a-feira (17) para debater sobre os preju\u00edzos das enchentes nas cidades mais afetadas do Rio Grande do [&hellip;]<\/p>\n","protected":false},"author":0,"featured_media":0,"comment_status":"open","ping_status":"open","sticky":false,"template":"","format":"standard","meta":{"footnotes":""},"categories":[1],"tags":[],"_links":{"self":[{"href":"https:\/\/jeffersonisac.adv.br\/index.php\/wp-json\/wp\/v2\/posts\/2927"}],"collection":[{"href":"https:\/\/jeffersonisac.adv.br\/index.php\/wp-json\/wp\/v2\/posts"}],"about":[{"href":"https:\/\/jeffersonisac.adv.br\/index.php\/wp-json\/wp\/v2\/types\/post"}],"replies":[{"embeddable":true,"href":"https:\/\/jeffersonisac.adv.br\/index.php\/wp-json\/wp\/v2\/comments?post=2927"}],"version-history":[{"count":0,"href":"https:\/\/jeffersonisac.adv.br\/index.php\/wp-json\/wp\/v2\/posts\/2927\/revisions"}],"wp:attachment":[{"href":"https:\/\/jeffersonisac.adv.br\/index.php\/wp-json\/wp\/v2\/media?parent=2927"}],"wp:term":[{"taxonomy":"category","embeddable":true,"href":"https:\/\/jeffersonisac.adv.br\/index.php\/wp-json\/wp\/v2\/categories?post=2927"},{"taxonomy":"post_tag","embeddable":true,"href":"https:\/\/jeffersonisac.adv.br\/index.php\/wp-json\/wp\/v2\/tags?post=2927"}],"curies":[{"name":"wp","href":"https:\/\/api.w.org\/{rel}","templated":true}]}}