{"id":2951,"date":"2023-10-16T08:39:33","date_gmt":"2023-10-16T11:39:33","guid":{"rendered":"https:\/\/jeffersonisac.adv.br\/index.php\/2023\/10\/16\/comissao-vai-debater-privatizacao-da-empresa-de-saneamento-de-sao-paulo\/"},"modified":"2023-10-16T08:39:33","modified_gmt":"2023-10-16T11:39:33","slug":"comissao-vai-debater-privatizacao-da-empresa-de-saneamento-de-sao-paulo","status":"publish","type":"post","link":"https:\/\/jeffersonisac.adv.br\/index.php\/2023\/10\/16\/comissao-vai-debater-privatizacao-da-empresa-de-saneamento-de-sao-paulo\/","title":{"rendered":"Comiss\u00e3o vai debater privatiza\u00e7\u00e3o da empresa de saneamento de S\u00e3o Paulo"},"content":{"rendered":"<div class=\"image-container\">\n<div class=\"midia-creditos\"><em>Bruno Spada\/C\u00e2mara dos Deputados<\/em><\/div>\n<div class=\"media-wrapper\"><\/div>\n<div class=\"midia-legenda\">Guilherme Boulos \u00e9 o autor do requerimento para a realiza\u00e7\u00e3o da audi\u00eancia<\/div>\n<\/div>\n<p>A Comiss\u00e3o de Desenvolvimento Urbano da C\u00e2mara dos Deputados vai realizar\u00a0 audi\u00eancia p\u00fablica na quarta-feira (18) para debater os impactos da privatiza\u00e7\u00e3o da Companhia de Saneamento B\u00e1sico do Estado de S\u00e3o Paulo (Sabesp), prevista para ocorrer no primeiro semestre de 2024.<\/p>\n<p>Confira a <a href=\"https:\/\/www.camara.leg.br\/evento-legislativo\/70264\">lista de convidados<\/a> da reuni\u00e3o, marcada para as 17 horas no plen\u00e1rio 14.<\/p>\n<p>O autor do requerimento para a realiza\u00e7\u00e3o da audi\u00eancia \u00e9 o deputado Guilherme Boulos (Psol-SP). Ele destaca que a companhia \u00e9 a maior\u00a0empresa de saneamento da Am\u00e9rica Latina, e uma das maiores do mundo em popula\u00e7\u00e3o atendida: 28,4 milh\u00f5es de pessoas abastecidas com \u00e1gua e 25,2 milh\u00f5es de pessoas com coleta de esgotos.<\/p>\n<p>&#8220;Em 2022, a Sabesp registrou lucro 35,4% maior que no ano anterior, demonstrando a sua plena capacidade de aplicar os recursos investidos e buscar o cumprimento das metas de universaliza\u00e7\u00e3o, que devem ser atingidas at\u00e9 2033, conforme Marco Legal do Saneamento&#8221;, destacou o deputado.<\/p>\n<p>Boulos acusa o governo do estado de S\u00e3o Paulo e a prefeitura da capital paulista de fazerem altera\u00e7\u00f5es na estrutura administrativa e financeira da empresa que provocaram perda da autonomia do munic\u00edpio no sistema e uma diminui\u00e7\u00e3o de R$ 650 milh\u00f5es ao ano para investimento na urbaniza\u00e7\u00e3o e saneamento de periferias.<\/p>","protected":false},"excerpt":{"rendered":"<p>Bruno Spada\/C\u00e2mara dos Deputados Guilherme Boulos \u00e9 o autor do requerimento para a realiza\u00e7\u00e3o da audi\u00eancia A Comiss\u00e3o de Desenvolvimento Urbano da C\u00e2mara dos Deputados vai realizar\u00a0 audi\u00eancia p\u00fablica na quarta-feira (18) para debater os impactos da privatiza\u00e7\u00e3o da Companhia de Saneamento B\u00e1sico do Estado de S\u00e3o Paulo (Sabesp), prevista para ocorrer no primeiro semestre [&hellip;]<\/p>\n","protected":false},"author":0,"featured_media":0,"comment_status":"open","ping_status":"open","sticky":false,"template":"","format":"standard","meta":{"footnotes":""},"categories":[1],"tags":[],"_links":{"self":[{"href":"https:\/\/jeffersonisac.adv.br\/index.php\/wp-json\/wp\/v2\/posts\/2951"}],"collection":[{"href":"https:\/\/jeffersonisac.adv.br\/index.php\/wp-json\/wp\/v2\/posts"}],"about":[{"href":"https:\/\/jeffersonisac.adv.br\/index.php\/wp-json\/wp\/v2\/types\/post"}],"replies":[{"embeddable":true,"href":"https:\/\/jeffersonisac.adv.br\/index.php\/wp-json\/wp\/v2\/comments?post=2951"}],"version-history":[{"count":0,"href":"https:\/\/jeffersonisac.adv.br\/index.php\/wp-json\/wp\/v2\/posts\/2951\/revisions"}],"wp:attachment":[{"href":"https:\/\/jeffersonisac.adv.br\/index.php\/wp-json\/wp\/v2\/media?parent=2951"}],"wp:term":[{"taxonomy":"category","embeddable":true,"href":"https:\/\/jeffersonisac.adv.br\/index.php\/wp-json\/wp\/v2\/categories?post=2951"},{"taxonomy":"post_tag","embeddable":true,"href":"https:\/\/jeffersonisac.adv.br\/index.php\/wp-json\/wp\/v2\/tags?post=2951"}],"curies":[{"name":"wp","href":"https:\/\/api.w.org\/{rel}","templated":true}]}}