{"id":2954,"date":"2023-10-16T10:37:36","date_gmt":"2023-10-16T13:37:36","guid":{"rendered":"https:\/\/jeffersonisac.adv.br\/index.php\/2023\/10\/16\/seminario-vai-debater-impacto-social-das-mudancas-climaticas\/"},"modified":"2023-10-16T10:37:36","modified_gmt":"2023-10-16T13:37:36","slug":"seminario-vai-debater-impacto-social-das-mudancas-climaticas","status":"publish","type":"post","link":"https:\/\/jeffersonisac.adv.br\/index.php\/2023\/10\/16\/seminario-vai-debater-impacto-social-das-mudancas-climaticas\/","title":{"rendered":"Semin\u00e1rio vai debater impacto social das mudan\u00e7as clim\u00e1ticas"},"content":{"rendered":"<div class=\"image-container\">\n<div class=\"midia-creditos\"><em>Bruno Spada \/ C\u00e2mara dos Deputados<\/em><\/div>\n<div class=\"media-wrapper\"><\/div>\n<div class=\"midia-legenda\">Socorro Neri \u00e9 a autora do requerimento para a realiza\u00e7\u00e3o do semin\u00e1rio<\/div>\n<\/div>\n<p>A Comiss\u00e3o de Meio Ambiente da C\u00e2mara dos Deputados vai realizar semin\u00e1rio na quinta-feira (19) para debater as consequ\u00eancia sociais das mudan\u00e7as clim\u00e1ticas.<\/p>\n<p>Confira a <a href=\"https:\/\/www.camara.leg.br\/evento-legislativo\/70304\">programa\u00e7\u00e3o e a lista de convidados<\/a> para o evento, que est\u00e1 marcado para as 10 horas no plen\u00e1rio 4.<\/p>\n<p>A realiza\u00e7\u00e3o do semin\u00e1rio foi solicitada pela deputada Socorro Neri (PP-AC). Ela destaca que as pessoas que mais sofrem com as mudan\u00e7as clim\u00e1ticas s\u00e3o as mais pobres e marginalizadas. &#8220;\u00c9 de suma import\u00e2ncia debater este assunto na C\u00e2mara Federal para promover diretrizes para a regulamenta\u00e7\u00e3o, promo\u00e7\u00e3o e implementa\u00e7\u00e3o de medida que possam melhorar a vida dos cidad\u00e3os brasileiros mais vulner\u00e1veis&#8221;, justificou.<\/p>","protected":false},"excerpt":{"rendered":"<p>Bruno Spada \/ C\u00e2mara dos Deputados Socorro Neri \u00e9 a autora do requerimento para a realiza\u00e7\u00e3o do semin\u00e1rio A Comiss\u00e3o de Meio Ambiente da C\u00e2mara dos Deputados vai realizar semin\u00e1rio na quinta-feira (19) para debater as consequ\u00eancia sociais das mudan\u00e7as clim\u00e1ticas. Confira a programa\u00e7\u00e3o e a lista de convidados para o evento, que est\u00e1 marcado [&hellip;]<\/p>\n","protected":false},"author":0,"featured_media":0,"comment_status":"open","ping_status":"open","sticky":false,"template":"","format":"standard","meta":{"footnotes":""},"categories":[1],"tags":[],"_links":{"self":[{"href":"https:\/\/jeffersonisac.adv.br\/index.php\/wp-json\/wp\/v2\/posts\/2954"}],"collection":[{"href":"https:\/\/jeffersonisac.adv.br\/index.php\/wp-json\/wp\/v2\/posts"}],"about":[{"href":"https:\/\/jeffersonisac.adv.br\/index.php\/wp-json\/wp\/v2\/types\/post"}],"replies":[{"embeddable":true,"href":"https:\/\/jeffersonisac.adv.br\/index.php\/wp-json\/wp\/v2\/comments?post=2954"}],"version-history":[{"count":0,"href":"https:\/\/jeffersonisac.adv.br\/index.php\/wp-json\/wp\/v2\/posts\/2954\/revisions"}],"wp:attachment":[{"href":"https:\/\/jeffersonisac.adv.br\/index.php\/wp-json\/wp\/v2\/media?parent=2954"}],"wp:term":[{"taxonomy":"category","embeddable":true,"href":"https:\/\/jeffersonisac.adv.br\/index.php\/wp-json\/wp\/v2\/categories?post=2954"},{"taxonomy":"post_tag","embeddable":true,"href":"https:\/\/jeffersonisac.adv.br\/index.php\/wp-json\/wp\/v2\/tags?post=2954"}],"curies":[{"name":"wp","href":"https:\/\/api.w.org\/{rel}","templated":true}]}}