{"id":2959,"date":"2023-10-16T12:07:16","date_gmt":"2023-10-16T15:07:16","guid":{"rendered":"https:\/\/jeffersonisac.adv.br\/index.php\/2023\/10\/16\/comissao-de-trabalho-debate-atuacao-dos-conselhos-de-quimica-na-transicao-da-matriz-energetica\/"},"modified":"2023-10-16T12:07:16","modified_gmt":"2023-10-16T15:07:16","slug":"comissao-de-trabalho-debate-atuacao-dos-conselhos-de-quimica-na-transicao-da-matriz-energetica","status":"publish","type":"post","link":"https:\/\/jeffersonisac.adv.br\/index.php\/2023\/10\/16\/comissao-de-trabalho-debate-atuacao-dos-conselhos-de-quimica-na-transicao-da-matriz-energetica\/","title":{"rendered":"Comiss\u00e3o de Trabalho debate atua\u00e7\u00e3o dos conselhos de qu\u00edmica na transi\u00e7\u00e3o da matriz energ\u00e9tica"},"content":{"rendered":"<div class=\"image-container\">\n<div class=\"midia-creditos\"><em>Zeca Ribeiro \/ C\u00e2mara dos Deputados<\/em><\/div>\n<div class=\"media-wrapper\"><\/div>\n<div class=\"midia-legenda\">Deputada Erika Kokay pediu o debate<\/div>\n<\/div>\n<p>A Comiss\u00e3o de Trabalho da C\u00e2mara dos Deputados realiza audi\u00eancia publica nesta quinta-feira (19) sobre a atua\u00e7\u00e3o dos conselhos regionais e federal de qu\u00edmica na transi\u00e7\u00e3o da matriz energ\u00e9tica. O debate est\u00e1 marcado para as 14 horas, no plen\u00e1rio 12.<\/p>\n<p>A reuni\u00e3o foi solicitada pela deputada Erika Kokay (PT-DF). &#8220;Esses conselhos s\u00e3o fundamentais para debater e apresentar caminhos para a sociedade e suas diretrizes de atua\u00e7\u00e3o incluem, al\u00e9m da evidente valoriza\u00e7\u00e3o e promo\u00e7\u00e3o da qu\u00edmica como vetor de desenvolvimento para o Brasil, o compromisso com a sustentabilidade e transi\u00e7\u00e3o energ\u00e9tica&#8221;, afirma.<\/p>\n<p>A deputada destaca que embora a matriz energ\u00e9tica seja majoritariamente proveniente de energia hidrel\u00e9trica (61,8%), ainda h\u00e1 muito a ser explorado, como, por exemplo, a obten\u00e7\u00e3o de hidrog\u00eanio atrav\u00e9s de mat\u00e9rias-primas como \u00e1gua e res\u00edduos org\u00e2nicos, para que diversos setores se tornem mais sustent\u00e1veis.<\/p>\n<p>&#8220;Como forma de contribuir ainda mais com esse debate, queremos tratar do potencial da utiliza\u00e7\u00e3o das matrizes energ\u00e9ticas qu\u00edmicas e, consequentemente, da transi\u00e7\u00e3o em que as energias sustent\u00e1veis ser\u00e3o utilizadas na ind\u00fastria brasileira&#8221;, justifica Erika Kokay.<\/p>\n<p><a href=\"https:\/\/www.camara.leg.br\/evento-legislativo\/70437\">Confira a lista de convidados para a audi\u00eancia<\/a><\/p>","protected":false},"excerpt":{"rendered":"<p>Zeca Ribeiro \/ C\u00e2mara dos Deputados Deputada Erika Kokay pediu o debate A Comiss\u00e3o de Trabalho da C\u00e2mara dos Deputados realiza audi\u00eancia publica nesta quinta-feira (19) sobre a atua\u00e7\u00e3o dos conselhos regionais e federal de qu\u00edmica na transi\u00e7\u00e3o da matriz energ\u00e9tica. O debate est\u00e1 marcado para as 14 horas, no plen\u00e1rio 12. A reuni\u00e3o foi [&hellip;]<\/p>\n","protected":false},"author":0,"featured_media":0,"comment_status":"open","ping_status":"open","sticky":false,"template":"","format":"standard","meta":{"footnotes":""},"categories":[1],"tags":[],"_links":{"self":[{"href":"https:\/\/jeffersonisac.adv.br\/index.php\/wp-json\/wp\/v2\/posts\/2959"}],"collection":[{"href":"https:\/\/jeffersonisac.adv.br\/index.php\/wp-json\/wp\/v2\/posts"}],"about":[{"href":"https:\/\/jeffersonisac.adv.br\/index.php\/wp-json\/wp\/v2\/types\/post"}],"replies":[{"embeddable":true,"href":"https:\/\/jeffersonisac.adv.br\/index.php\/wp-json\/wp\/v2\/comments?post=2959"}],"version-history":[{"count":0,"href":"https:\/\/jeffersonisac.adv.br\/index.php\/wp-json\/wp\/v2\/posts\/2959\/revisions"}],"wp:attachment":[{"href":"https:\/\/jeffersonisac.adv.br\/index.php\/wp-json\/wp\/v2\/media?parent=2959"}],"wp:term":[{"taxonomy":"category","embeddable":true,"href":"https:\/\/jeffersonisac.adv.br\/index.php\/wp-json\/wp\/v2\/categories?post=2959"},{"taxonomy":"post_tag","embeddable":true,"href":"https:\/\/jeffersonisac.adv.br\/index.php\/wp-json\/wp\/v2\/tags?post=2959"}],"curies":[{"name":"wp","href":"https:\/\/api.w.org\/{rel}","templated":true}]}}