{"id":2967,"date":"2023-10-16T21:52:37","date_gmt":"2023-10-17T00:52:37","guid":{"rendered":"https:\/\/jeffersonisac.adv.br\/index.php\/2023\/10\/16\/projeto-abre-credito-no-orcamento-para-pagar-beneficios-a-servidores\/"},"modified":"2023-10-16T21:52:37","modified_gmt":"2023-10-17T00:52:37","slug":"projeto-abre-credito-no-orcamento-para-pagar-beneficios-a-servidores","status":"publish","type":"post","link":"https:\/\/jeffersonisac.adv.br\/index.php\/2023\/10\/16\/projeto-abre-credito-no-orcamento-para-pagar-beneficios-a-servidores\/","title":{"rendered":"Projeto abre cr\u00e9dito no Or\u00e7amento para pagar benef\u00edcios a servidores"},"content":{"rendered":"<div class=\"image-container\">\n<div class=\"midia-creditos\"><em>Marcelo Camargo\/Ag\u00eancia Brasil<\/em><\/div>\n<div class=\"media-wrapper\"><\/div>\n<div class=\"midia-legenda\">Cr\u00e9dito ser\u00e1 direcionado \u00e0 Presid\u00eancia e tr\u00eas minist\u00e9rios<\/div>\n<\/div>\n<p>O Congresso Nacional analisa projeto de lei (PLN 30\/23) que abre cr\u00e9dito especial no Or\u00e7amento de 2023 no valor de R$ 387,1 mil em favor da Presid\u00eancia da Rep\u00fablica e dos minist\u00e9rios da Educa\u00e7\u00e3o, da Sa\u00fade e das Comunica\u00e7\u00f5es.<\/p>\n<p>O governo informou que o objetivo \u00e9 pagar benef\u00edcios obrigat\u00f3rios de servidores civis, empregados e militares em exerc\u00edcio no exterior pela Presid\u00eancia. J\u00e1 os minist\u00e9rios ter\u00e3o que pagar benef\u00edcios e pens\u00f5es indenizat\u00f3rias previstas em legisla\u00e7\u00e3o especial, al\u00e9m de decis\u00f5es judiciais.<\/p>\n<p>De acordo com o projeto, os recursos sair\u00e3o de remanejamentos internos e, portanto, n\u00e3o afetam as metas fiscais. \u201cDe acordo com os \u00f3rg\u00e3os envolvidos no presente ato, as programa\u00e7\u00f5es objeto de cancelamento n\u00e3o sofrer\u00e3o preju\u00edzo na sua execu\u00e7\u00e3o, pois os remanejamentos foram decididos com base em proje\u00e7\u00f5es de suas possibilidades de disp\u00eandio at\u00e9 o final do exerc\u00edcio atual\u201d, diz a justificativa do projeto.<\/p>\n<p><strong>Tramita\u00e7\u00e3o<\/strong><br \/>\nO projeto vai ser analisado pela <span class=\"termoGlossario\">Comiss\u00e3o Mista de Or\u00e7amento<\/span> e, em seguida, pelo Plen\u00e1rio do Congresso Nacional.<\/p>","protected":false},"excerpt":{"rendered":"<p>Marcelo Camargo\/Ag\u00eancia Brasil Cr\u00e9dito ser\u00e1 direcionado \u00e0 Presid\u00eancia e tr\u00eas minist\u00e9rios O Congresso Nacional analisa projeto de lei (PLN 30\/23) que abre cr\u00e9dito especial no Or\u00e7amento de 2023 no valor de R$ 387,1 mil em favor da Presid\u00eancia da Rep\u00fablica e dos minist\u00e9rios da Educa\u00e7\u00e3o, da Sa\u00fade e das Comunica\u00e7\u00f5es. O governo informou que o [&hellip;]<\/p>\n","protected":false},"author":0,"featured_media":0,"comment_status":"open","ping_status":"open","sticky":false,"template":"","format":"standard","meta":{"footnotes":""},"categories":[1],"tags":[],"_links":{"self":[{"href":"https:\/\/jeffersonisac.adv.br\/index.php\/wp-json\/wp\/v2\/posts\/2967"}],"collection":[{"href":"https:\/\/jeffersonisac.adv.br\/index.php\/wp-json\/wp\/v2\/posts"}],"about":[{"href":"https:\/\/jeffersonisac.adv.br\/index.php\/wp-json\/wp\/v2\/types\/post"}],"replies":[{"embeddable":true,"href":"https:\/\/jeffersonisac.adv.br\/index.php\/wp-json\/wp\/v2\/comments?post=2967"}],"version-history":[{"count":0,"href":"https:\/\/jeffersonisac.adv.br\/index.php\/wp-json\/wp\/v2\/posts\/2967\/revisions"}],"wp:attachment":[{"href":"https:\/\/jeffersonisac.adv.br\/index.php\/wp-json\/wp\/v2\/media?parent=2967"}],"wp:term":[{"taxonomy":"category","embeddable":true,"href":"https:\/\/jeffersonisac.adv.br\/index.php\/wp-json\/wp\/v2\/categories?post=2967"},{"taxonomy":"post_tag","embeddable":true,"href":"https:\/\/jeffersonisac.adv.br\/index.php\/wp-json\/wp\/v2\/tags?post=2967"}],"curies":[{"name":"wp","href":"https:\/\/api.w.org\/{rel}","templated":true}]}}