{"id":2969,"date":"2023-10-17T08:48:54","date_gmt":"2023-10-17T11:48:54","guid":{"rendered":"https:\/\/jeffersonisac.adv.br\/index.php\/2023\/10\/17\/projeto-abre-credito-de-r-5-milhoes-para-o-judiciario-e-ministerio-publico\/"},"modified":"2023-10-17T08:48:54","modified_gmt":"2023-10-17T11:48:54","slug":"projeto-abre-credito-de-r-5-milhoes-para-o-judiciario-e-ministerio-publico","status":"publish","type":"post","link":"https:\/\/jeffersonisac.adv.br\/index.php\/2023\/10\/17\/projeto-abre-credito-de-r-5-milhoes-para-o-judiciario-e-ministerio-publico\/","title":{"rendered":"Projeto abre cr\u00e9dito de R$ 5 milh\u00f5es para o Judici\u00e1rio e Minist\u00e9rio P\u00fablico"},"content":{"rendered":"<div class=\"image-container\">\n<div class=\"midia-creditos\"><em>Depositphotos<\/em><\/div>\n<div class=\"media-wrapper\"><\/div>\n<div class=\"midia-legenda\"><\/div>\n<\/div>\n<p>O governo enviou ao Congresso projeto (PLN 32\/23) que abre <span class=\"termoGlossario\">cr\u00e9dito suplementar<\/span> no Or\u00e7amento de 2023 de R$ 5,1 milh\u00f5es para v\u00e1rios \u00f3rg\u00e3os da Justi\u00e7a Federal e do Trabalho, e Minist\u00e9rio P\u00fablico. Os recursos ser\u00e3o usados para constru\u00e7\u00e3o e reforma de pr\u00e9dios, pagamento de aux\u00edlio-moradia e outras despesas de manuten\u00e7\u00e3o e custeio.<\/p>\n<p>A maior parte do dinheiro, R$ 1,7 milh\u00e3o, ser\u00e1 usada pela Justi\u00e7a Federal de Primeiro Grau para reformar o edif\u00edcio-sede em Ju\u00edna (MT) e fazer manuten\u00e7\u00e3o do edif\u00edcio-sede em Uberl\u00e2ndia (MG).<\/p>\n<p>No caso do Minist\u00e9rio P\u00fablico, os recursos ser\u00e3o usados para continuar as obras da sede da Procuradoria de Justi\u00e7a Militar no Rio de Janeiro.<\/p>\n<p>O projeto vai ser analisado pela <span class=\"termoGlossario\">Comiss\u00e3o Mista de Or\u00e7amento<\/span> e, em seguida, pelo Plen\u00e1rio do Congresso.<\/p>","protected":false},"excerpt":{"rendered":"<p>Depositphotos O governo enviou ao Congresso projeto (PLN 32\/23) que abre cr\u00e9dito suplementar no Or\u00e7amento de 2023 de R$ 5,1 milh\u00f5es para v\u00e1rios \u00f3rg\u00e3os da Justi\u00e7a Federal e do Trabalho, e Minist\u00e9rio P\u00fablico. Os recursos ser\u00e3o usados para constru\u00e7\u00e3o e reforma de pr\u00e9dios, pagamento de aux\u00edlio-moradia e outras despesas de manuten\u00e7\u00e3o e custeio. A maior [&hellip;]<\/p>\n","protected":false},"author":0,"featured_media":0,"comment_status":"open","ping_status":"open","sticky":false,"template":"","format":"standard","meta":{"footnotes":""},"categories":[1],"tags":[],"_links":{"self":[{"href":"https:\/\/jeffersonisac.adv.br\/index.php\/wp-json\/wp\/v2\/posts\/2969"}],"collection":[{"href":"https:\/\/jeffersonisac.adv.br\/index.php\/wp-json\/wp\/v2\/posts"}],"about":[{"href":"https:\/\/jeffersonisac.adv.br\/index.php\/wp-json\/wp\/v2\/types\/post"}],"replies":[{"embeddable":true,"href":"https:\/\/jeffersonisac.adv.br\/index.php\/wp-json\/wp\/v2\/comments?post=2969"}],"version-history":[{"count":0,"href":"https:\/\/jeffersonisac.adv.br\/index.php\/wp-json\/wp\/v2\/posts\/2969\/revisions"}],"wp:attachment":[{"href":"https:\/\/jeffersonisac.adv.br\/index.php\/wp-json\/wp\/v2\/media?parent=2969"}],"wp:term":[{"taxonomy":"category","embeddable":true,"href":"https:\/\/jeffersonisac.adv.br\/index.php\/wp-json\/wp\/v2\/categories?post=2969"},{"taxonomy":"post_tag","embeddable":true,"href":"https:\/\/jeffersonisac.adv.br\/index.php\/wp-json\/wp\/v2\/tags?post=2969"}],"curies":[{"name":"wp","href":"https:\/\/api.w.org\/{rel}","templated":true}]}}