{"id":2973,"date":"2023-10-17T12:50:52","date_gmt":"2023-10-17T15:50:52","guid":{"rendered":"https:\/\/jeffersonisac.adv.br\/index.php\/2023\/10\/17\/alckmin-deputados-e-demais-participantes-de-seminario-defendem-nova-politica-de-industrializacao-do-brasil\/"},"modified":"2023-10-17T12:50:52","modified_gmt":"2023-10-17T15:50:52","slug":"alckmin-deputados-e-demais-participantes-de-seminario-defendem-nova-politica-de-industrializacao-do-brasil","status":"publish","type":"post","link":"https:\/\/jeffersonisac.adv.br\/index.php\/2023\/10\/17\/alckmin-deputados-e-demais-participantes-de-seminario-defendem-nova-politica-de-industrializacao-do-brasil\/","title":{"rendered":"Alckmin, deputados e demais participantes de semin\u00e1rio defendem nova pol\u00edtica de industrializa\u00e7\u00e3o do Brasil"},"content":{"rendered":"<div class=\"image-container\">\n<div class=\"midia-creditos\"><em>Vinicius Loures\/C\u00e2mara dos Deputados<\/em><\/div>\n<div class=\"media-wrapper\"><\/div>\n<div class=\"midia-legenda\">Heitor Schuch: ind\u00fastria reponde hoje por 23,9% do PIB; \u00edndice j\u00e1 foi de 48%<\/div>\n<\/div>\n<p>Participantes do 1\u00b0 Semin\u00e1rio Nacional de Pol\u00edtica Industrial, realizado nesta ter\u00e7a-feira (17), na C\u00e2mara dos Deputados, defenderam o resgate da pol\u00edtica industrial no desenvolvimento do Brasil.<\/p>\n<p>O evento \u00e9 organizado pela Comiss\u00e3o de Ind\u00fastria, Com\u00e9rcio e Servi\u00e7os da C\u00e2mara e vai acontecer ao longo do dia.<\/p>\n<p>Pela manh\u00e3, o presidente da comiss\u00e3o, deputado Heitor Schuch (PSB-RS), lembrou que o setor perdeu espa\u00e7o na economia nacional nas \u00faltimas d\u00e9cadas. Em 2022, a ind\u00fastria respondeu por 23,9% do Produto Interno Bruto (<span class=\"termoGlossario\">PIB<\/span>) brasileiro. Em 1985, representava 48% do PIB.<\/p>\n<p>Para Schuch, o Pa\u00eds precisa investir em uma agenda de \u2018neoindustrializa\u00e7\u00e3o\u2019. \u201cPara n\u00f3s, &#8216;neoindustrializa\u00e7\u00e3o&#8217; n\u00e3o \u00e9 comprar um \u00f4nibus, caminh\u00e3o e trator pronto, de outra parte do mundo, mas achar a maneira de faz\u00ea-los aqui\u201d, disse.<\/p>\n<p><strong>Maquin\u00e1rio<br \/>\n<\/strong>O vice-presidente e ministro do Desenvolvimento, Ind\u00fastria, Com\u00e9rcio e Servi\u00e7os, Geraldo Alckmin, tamb\u00e9m apontou a \u2018neoindustrializa\u00e7\u00e3o\u2019 como uma necessidade para o Brasil. Segundo ele, o governo est\u00e1 adotando algumas medidas para isso. A mais importante \u00e9 a pol\u00edtica da deprecia\u00e7\u00e3o acelerada dos bens de capital da ind\u00fastria, a ser divulgada em breve.<\/p>\n<div class=\"image-container\">\n<div class=\"midia-creditos\"><em>Vinicius Loures\/C\u00e2mara dos Deputados<\/em><\/div>\n<div class=\"media-wrapper\"><\/div>\n<div class=\"midia-legenda\">Alckmin: maquin\u00e1rio precisa ser renovado e ganhar efici\u00eancia<\/div>\n<\/div>\n<p>Por meio dessa pol\u00edtica, as empresas poder\u00e3o ampliar a deprecia\u00e7\u00e3o do maquin\u00e1rio em sua contabilidade e ganhar redu\u00e7\u00e3o de Imposto de Renda e <span class=\"termoGlossario\">CSLL<\/span> por um per\u00edodo a ser definido pelo governo.<\/p>\n<p>\u201cO parque industrial brasileiro est\u00e1 antigo, 14 anos em m\u00e9dia. \u00c9 preciso renov\u00e1-lo para ganhar produtividade, efici\u00eancia\u201d, disse Alckmin.<\/p>\n<p><strong>Corrida comercial<br \/>\n<\/strong>O diretor de Planejamento e Estrutura\u00e7\u00e3o de Projetos do Banco Nacional de Desenvolvimento Econ\u00f4mico e Social (<span class=\"termoGlossario\">BNDES<\/span>), Nelson Barbosa, afirmou que a retomada da pol\u00edtica industrial ganhou urg\u00eancia na agenda pol\u00edtica com a corrida comercial China-Estados Unidos.<\/p>\n<p>A disputa levou os pa\u00edses desenvolvidos a adotar pol\u00edticas expl\u00edcitas de incentivos ao setor. Para n\u00e3o ficar atr\u00e1s, segundo Barbosa, o Brasil deve seguir o mesmo caminho, e tem potencial para isso.<\/p>\n<p>\u201cO Brasil n\u00e3o tem montadora de carro nacional, mas tem montadora de \u00f4nibus. Tem dificuldade de consolidar a ind\u00fastria naval, mas tem uma ind\u00fastria aeron\u00e1utica consolidada. Ou seja, a gente sabe fazer as coisas. Tem de estudar os casos de sucesso\u201d, disse Barbosa.<\/p>\n<p><strong>Nova onda<br \/>\n<\/strong>O diretor de educa\u00e7\u00e3o e tecnologia da Confedera\u00e7\u00e3o Nacional da Ind\u00fastria (CNI), Rafael Lucchesi, tamb\u00e9m defendeu a cria\u00e7\u00e3o de \u201cuma nova onda de industrializa\u00e7\u00e3o\u201d. \u201cIsso vai ser chave para a nossa quadra hist\u00f3rica. E, para isso, temos que ter um ambiente institucional\u201d, afirmou.<\/p>\n<p>Lucchesi acrescentou que a ind\u00fastria \u00e9 fundamental na agenda de desenvolvimento nacional. \u201cQue pa\u00eds se desenvolveu no mundo sem desenvolver a estrutura industrial? Nenhum\u201d, declarou.<\/p>\n<p><strong>Evento continua<br \/>\n<\/strong>O 1\u00b0 Semin\u00e1rio Nacional de Pol\u00edtica Industrial est\u00e1 acontecendo no Audit\u00f3rio Nereu Ramos. Ser\u00e3o ouvidos ainda outros representantes do setor, pesquisadores e integrantes do governo, todos convidados pela Comiss\u00e3o de Ind\u00fastria, Com\u00e9rcio e Servi\u00e7os.<\/p>\n<p>O debate pode ser acompanhado ao vivo pelo <a href=\"https:\/\/www.youtube.com\/watch?v=74TiBMixUMg\">canal da C\u00e2mara dos Deputados<\/a> no Youtube.<\/p>","protected":false},"excerpt":{"rendered":"<p>Vinicius Loures\/C\u00e2mara dos Deputados Heitor Schuch: ind\u00fastria reponde hoje por 23,9% do PIB; \u00edndice j\u00e1 foi de 48% Participantes do 1\u00b0 Semin\u00e1rio Nacional de Pol\u00edtica Industrial, realizado nesta ter\u00e7a-feira (17), na C\u00e2mara dos Deputados, defenderam o resgate da pol\u00edtica industrial no desenvolvimento do Brasil. O evento \u00e9 organizado pela Comiss\u00e3o de Ind\u00fastria, Com\u00e9rcio e Servi\u00e7os [&hellip;]<\/p>\n","protected":false},"author":0,"featured_media":0,"comment_status":"open","ping_status":"open","sticky":false,"template":"","format":"standard","meta":{"footnotes":""},"categories":[1],"tags":[],"_links":{"self":[{"href":"https:\/\/jeffersonisac.adv.br\/index.php\/wp-json\/wp\/v2\/posts\/2973"}],"collection":[{"href":"https:\/\/jeffersonisac.adv.br\/index.php\/wp-json\/wp\/v2\/posts"}],"about":[{"href":"https:\/\/jeffersonisac.adv.br\/index.php\/wp-json\/wp\/v2\/types\/post"}],"replies":[{"embeddable":true,"href":"https:\/\/jeffersonisac.adv.br\/index.php\/wp-json\/wp\/v2\/comments?post=2973"}],"version-history":[{"count":0,"href":"https:\/\/jeffersonisac.adv.br\/index.php\/wp-json\/wp\/v2\/posts\/2973\/revisions"}],"wp:attachment":[{"href":"https:\/\/jeffersonisac.adv.br\/index.php\/wp-json\/wp\/v2\/media?parent=2973"}],"wp:term":[{"taxonomy":"category","embeddable":true,"href":"https:\/\/jeffersonisac.adv.br\/index.php\/wp-json\/wp\/v2\/categories?post=2973"},{"taxonomy":"post_tag","embeddable":true,"href":"https:\/\/jeffersonisac.adv.br\/index.php\/wp-json\/wp\/v2\/tags?post=2973"}],"curies":[{"name":"wp","href":"https:\/\/api.w.org\/{rel}","templated":true}]}}