{"id":2988,"date":"2023-10-18T02:14:07","date_gmt":"2023-10-18T05:14:07","guid":{"rendered":"https:\/\/jeffersonisac.adv.br\/index.php\/2023\/10\/18\/cancelada-reuniao-de-comissao-com-ministro-das-relacoes-exteriores-para-falar-sobre-guerra-na-faixa-de-gaza\/"},"modified":"2023-10-18T02:14:07","modified_gmt":"2023-10-18T05:14:07","slug":"cancelada-reuniao-de-comissao-com-ministro-das-relacoes-exteriores-para-falar-sobre-guerra-na-faixa-de-gaza","status":"publish","type":"post","link":"https:\/\/jeffersonisac.adv.br\/index.php\/2023\/10\/18\/cancelada-reuniao-de-comissao-com-ministro-das-relacoes-exteriores-para-falar-sobre-guerra-na-faixa-de-gaza\/","title":{"rendered":"Cancelada reuni\u00e3o de comiss\u00e3o com ministro das Rela\u00e7\u00f5es Exteriores para falar sobre guerra na Faixa de Gaza"},"content":{"rendered":"<div class=\"image-container\">\n<div class=\"media-wrapper\"><\/div>\n<div class=\"midia-legenda\">Bandeiras de Israel e da Palestina<\/div>\n<\/div>\n<p>Foi cancelada a reuni\u00e3o desta quarta-feira (18) da Comiss\u00e3o de Rela\u00e7\u00f5es Exteriores da C\u00e2mara dos Deputados que debateria com o ministro das Rela\u00e7\u00f5es Exteriores, Mauro Vieira, a posi\u00e7\u00e3o do governo brasileiro diante da guerra entre Israel e o grupo Hamas, deflagrada ap\u00f3s ataques praticados contra Israel no \u00faltimo dia 7.<\/p>\n<p>Ainda n\u00e3o foi definida nova data para a reuni\u00e3o.<\/p>","protected":false},"excerpt":{"rendered":"<p>Bandeiras de Israel e da Palestina Foi cancelada a reuni\u00e3o desta quarta-feira (18) da Comiss\u00e3o de Rela\u00e7\u00f5es Exteriores da C\u00e2mara dos Deputados que debateria com o ministro das Rela\u00e7\u00f5es Exteriores, Mauro Vieira, a posi\u00e7\u00e3o do governo brasileiro diante da guerra entre Israel e o grupo Hamas, deflagrada ap\u00f3s ataques praticados contra Israel no \u00faltimo dia [&hellip;]<\/p>\n","protected":false},"author":0,"featured_media":0,"comment_status":"open","ping_status":"open","sticky":false,"template":"","format":"standard","meta":{"footnotes":""},"categories":[1],"tags":[],"_links":{"self":[{"href":"https:\/\/jeffersonisac.adv.br\/index.php\/wp-json\/wp\/v2\/posts\/2988"}],"collection":[{"href":"https:\/\/jeffersonisac.adv.br\/index.php\/wp-json\/wp\/v2\/posts"}],"about":[{"href":"https:\/\/jeffersonisac.adv.br\/index.php\/wp-json\/wp\/v2\/types\/post"}],"replies":[{"embeddable":true,"href":"https:\/\/jeffersonisac.adv.br\/index.php\/wp-json\/wp\/v2\/comments?post=2988"}],"version-history":[{"count":0,"href":"https:\/\/jeffersonisac.adv.br\/index.php\/wp-json\/wp\/v2\/posts\/2988\/revisions"}],"wp:attachment":[{"href":"https:\/\/jeffersonisac.adv.br\/index.php\/wp-json\/wp\/v2\/media?parent=2988"}],"wp:term":[{"taxonomy":"category","embeddable":true,"href":"https:\/\/jeffersonisac.adv.br\/index.php\/wp-json\/wp\/v2\/categories?post=2988"},{"taxonomy":"post_tag","embeddable":true,"href":"https:\/\/jeffersonisac.adv.br\/index.php\/wp-json\/wp\/v2\/tags?post=2988"}],"curies":[{"name":"wp","href":"https:\/\/api.w.org\/{rel}","templated":true}]}}