{"id":2991,"date":"2023-10-18T10:40:56","date_gmt":"2023-10-18T13:40:56","guid":{"rendered":"https:\/\/jeffersonisac.adv.br\/index.php\/2023\/10\/18\/governo-diz-que-acoes-de-inteligencia-evitaram-ataques-a-escolas\/"},"modified":"2023-10-18T10:40:56","modified_gmt":"2023-10-18T13:40:56","slug":"governo-diz-que-acoes-de-inteligencia-evitaram-ataques-a-escolas","status":"publish","type":"post","link":"https:\/\/jeffersonisac.adv.br\/index.php\/2023\/10\/18\/governo-diz-que-acoes-de-inteligencia-evitaram-ataques-a-escolas\/","title":{"rendered":"Governo diz que a\u00e7\u00f5es de intelig\u00eancia evitaram ataques a escolas"},"content":{"rendered":"<div class=\"video-container youtube youtube-100\">\n<div class=\"midia-creditos\"><em>YouTube<\/em><\/div>\n\n<div class=\"midia-legenda\"><\/div>\n<\/div>\n<p>O grupo de trabalho que discute a cria\u00e7\u00e3o de uma pol\u00edtica de combate \u00e0 viol\u00eancia nas escolas ouviu, nesta ter\u00e7a-feira (17), o Minist\u00e9rio da Justi\u00e7a e da Seguran\u00e7a P\u00fablica. O \u00f3rg\u00e3o j\u00e1 evitou casos de ataques contra unidades de ensino por meio de uma opera\u00e7\u00e3o conjunta com as pol\u00edcias estaduais.<\/p>\n<p>O coordenador do grupo, deputado Jorge Goetten (PL-SC), diz que \u00e9 a partir da discuss\u00e3o das experi\u00eancias de todo o Pa\u00eds que o colegiado vai buscar propostas para combater a viol\u00eancia no ambiente escolar.<\/p>\n<p>\u00a0<\/p>\n<div><\/div>\n<p>\u00a0<\/p>","protected":false},"excerpt":{"rendered":"<p>YouTube O grupo de trabalho que discute a cria\u00e7\u00e3o de uma pol\u00edtica de combate \u00e0 viol\u00eancia nas escolas ouviu, nesta ter\u00e7a-feira (17), o Minist\u00e9rio da Justi\u00e7a e da Seguran\u00e7a P\u00fablica. O \u00f3rg\u00e3o j\u00e1 evitou casos de ataques contra unidades de ensino por meio de uma opera\u00e7\u00e3o conjunta com as pol\u00edcias estaduais. O coordenador do grupo, [&hellip;]<\/p>\n","protected":false},"author":0,"featured_media":0,"comment_status":"open","ping_status":"open","sticky":false,"template":"","format":"standard","meta":{"footnotes":""},"categories":[1],"tags":[],"_links":{"self":[{"href":"https:\/\/jeffersonisac.adv.br\/index.php\/wp-json\/wp\/v2\/posts\/2991"}],"collection":[{"href":"https:\/\/jeffersonisac.adv.br\/index.php\/wp-json\/wp\/v2\/posts"}],"about":[{"href":"https:\/\/jeffersonisac.adv.br\/index.php\/wp-json\/wp\/v2\/types\/post"}],"replies":[{"embeddable":true,"href":"https:\/\/jeffersonisac.adv.br\/index.php\/wp-json\/wp\/v2\/comments?post=2991"}],"version-history":[{"count":0,"href":"https:\/\/jeffersonisac.adv.br\/index.php\/wp-json\/wp\/v2\/posts\/2991\/revisions"}],"wp:attachment":[{"href":"https:\/\/jeffersonisac.adv.br\/index.php\/wp-json\/wp\/v2\/media?parent=2991"}],"wp:term":[{"taxonomy":"category","embeddable":true,"href":"https:\/\/jeffersonisac.adv.br\/index.php\/wp-json\/wp\/v2\/categories?post=2991"},{"taxonomy":"post_tag","embeddable":true,"href":"https:\/\/jeffersonisac.adv.br\/index.php\/wp-json\/wp\/v2\/tags?post=2991"}],"curies":[{"name":"wp","href":"https:\/\/api.w.org\/{rel}","templated":true}]}}