{"id":3019,"date":"2023-10-19T10:28:41","date_gmt":"2023-10-19T13:28:41","guid":{"rendered":"https:\/\/jeffersonisac.adv.br\/index.php\/2023\/10\/19\/deputado-diz-que-situacao-de-inseguranca-no-rio-de-janeiro-e-um-cenario-sombrio\/"},"modified":"2023-10-19T10:28:41","modified_gmt":"2023-10-19T13:28:41","slug":"deputado-diz-que-situacao-de-inseguranca-no-rio-de-janeiro-e-um-cenario-sombrio","status":"publish","type":"post","link":"https:\/\/jeffersonisac.adv.br\/index.php\/2023\/10\/19\/deputado-diz-que-situacao-de-inseguranca-no-rio-de-janeiro-e-um-cenario-sombrio\/","title":{"rendered":"Deputado diz que situa\u00e7\u00e3o de inseguran\u00e7a no Rio de Janeiro \u00e9 um &#8220;cen\u00e1rio sombrio&#8221;"},"content":{"rendered":"<div class=\"video-container youtube youtube-100\">\n<div class=\"midia-creditos\"><em>YouTube<\/em><\/div>\n\n<div class=\"midia-legenda\"><\/div>\n<\/div>\n<p>A Comiss\u00e3o de Seguran\u00e7a P\u00fablica da C\u00e2mara dos Deputados discutiu nesta quarta-feira (18) o aumento da criminalidade no Rio de Janeiro. O deputado Sargento Portugal (Podemos-RJ) comparou a situa\u00e7\u00e3o do estado com um cen\u00e1rio de guerra.<\/p>\n<p>\u201cO que vemos \u00e9 um cen\u00e1rio sombrio. A gente v\u00ea um cen\u00e1rio de guerra fora do Brasil, mas o que temos no Rio de Janeiro \u00e9 bem parecido, com mortes di\u00e1rias de agentes p\u00fablicos, de pessoas do bem.\u201d<\/p>\n<p>Portugal foi quem pediu a audi\u00eancia, que ouviu ainda o deputado estadual fluminense Marcelo Dino (Uni\u00e3o-RJ). Segundo Dino, a situa\u00e7\u00e3o de inseguran\u00e7a est\u00e1 se espalhando para o resto do Pa\u00eds. \u201cBasta ver o que est\u00e1 acontecendo na Bahia\u201d, comentou.<\/p>","protected":false},"excerpt":{"rendered":"<p>YouTube A Comiss\u00e3o de Seguran\u00e7a P\u00fablica da C\u00e2mara dos Deputados discutiu nesta quarta-feira (18) o aumento da criminalidade no Rio de Janeiro. O deputado Sargento Portugal (Podemos-RJ) comparou a situa\u00e7\u00e3o do estado com um cen\u00e1rio de guerra. \u201cO que vemos \u00e9 um cen\u00e1rio sombrio. A gente v\u00ea um cen\u00e1rio de guerra fora do Brasil, mas [&hellip;]<\/p>\n","protected":false},"author":0,"featured_media":0,"comment_status":"open","ping_status":"open","sticky":false,"template":"","format":"standard","meta":{"footnotes":""},"categories":[1],"tags":[],"_links":{"self":[{"href":"https:\/\/jeffersonisac.adv.br\/index.php\/wp-json\/wp\/v2\/posts\/3019"}],"collection":[{"href":"https:\/\/jeffersonisac.adv.br\/index.php\/wp-json\/wp\/v2\/posts"}],"about":[{"href":"https:\/\/jeffersonisac.adv.br\/index.php\/wp-json\/wp\/v2\/types\/post"}],"replies":[{"embeddable":true,"href":"https:\/\/jeffersonisac.adv.br\/index.php\/wp-json\/wp\/v2\/comments?post=3019"}],"version-history":[{"count":0,"href":"https:\/\/jeffersonisac.adv.br\/index.php\/wp-json\/wp\/v2\/posts\/3019\/revisions"}],"wp:attachment":[{"href":"https:\/\/jeffersonisac.adv.br\/index.php\/wp-json\/wp\/v2\/media?parent=3019"}],"wp:term":[{"taxonomy":"category","embeddable":true,"href":"https:\/\/jeffersonisac.adv.br\/index.php\/wp-json\/wp\/v2\/categories?post=3019"},{"taxonomy":"post_tag","embeddable":true,"href":"https:\/\/jeffersonisac.adv.br\/index.php\/wp-json\/wp\/v2\/tags?post=3019"}],"curies":[{"name":"wp","href":"https:\/\/api.w.org\/{rel}","templated":true}]}}