{"id":3022,"date":"2023-10-19T11:44:05","date_gmt":"2023-10-19T14:44:05","guid":{"rendered":"https:\/\/jeffersonisac.adv.br\/index.php\/2023\/10\/19\/comissao-debate-incorporacao-de-medicamentos-para-cancer-de-mama-no-sus\/"},"modified":"2023-10-19T11:44:05","modified_gmt":"2023-10-19T14:44:05","slug":"comissao-debate-incorporacao-de-medicamentos-para-cancer-de-mama-no-sus","status":"publish","type":"post","link":"https:\/\/jeffersonisac.adv.br\/index.php\/2023\/10\/19\/comissao-debate-incorporacao-de-medicamentos-para-cancer-de-mama-no-sus\/","title":{"rendered":"Comiss\u00e3o debate incorpora\u00e7\u00e3o de medicamentos para c\u00e2ncer de mama no SUS"},"content":{"rendered":"<div class=\"image-container\">\n<div class=\"midia-creditos\"><em>Depositphotos<\/em><\/div>\n<div class=\"media-wrapper\"><\/div>\n<div class=\"midia-legenda\">Deputada diz que, para 2023, Inca estimou mais de 73.600 novos casos da doen\u00e7a<\/div>\n<\/div>\n<p>A Comiss\u00e3o de Sa\u00fade da C\u00e2mara dos Deputados realiza audi\u00eancia p\u00fablica nesta ter\u00e7a-feira (24) sobre a incorpora\u00e7\u00e3o de medicamentos para tratar o c\u00e2ncer de mama no Sistema \u00danico de Sa\u00fade (SUS).<\/p>\n<p>A deputada Silvia Cristina (PL-RO) foi quem pediu o debate. Segundo ela, relat\u00f3rio da Controladoria-Geral da Uni\u00e3o (CGU) aponta que o prazo m\u00e9dio entre a data da incorpora\u00e7\u00e3o do rem\u00e9dio e a efetiva disponibiliza\u00e7\u00e3o para os pacientes foi de 624 dias.<\/p>\n<p>&#8220;Corroborando os resultados do relat\u00f3rio da CGU, temos o exemplo dos inibidores para o tratamento de c\u00e2ncer de mama metast\u00e1tico, que deveriam estar dispon\u00edveis \u00e0s pacientes do SUS a partir de 7 de junho deste ano, mas n\u00e3o est\u00e3o&#8221;, informa Silvia Cristina.<\/p>\n<p>A audi\u00eancia est\u00e1 marcada para as 14h30, no plen\u00e1rio 9.<\/p>\n<p><a href=\"https:\/\/www.camara.leg.br\/evento-legislativo\/70580\">Veja quem foi convidado para debater o assunto.<\/a><\/p>\n<p>\u00a0<\/p>\n<div><\/div>\n<p>\u00a0<\/p>","protected":false},"excerpt":{"rendered":"<p>Depositphotos Deputada diz que, para 2023, Inca estimou mais de 73.600 novos casos da doen\u00e7a A Comiss\u00e3o de Sa\u00fade da C\u00e2mara dos Deputados realiza audi\u00eancia p\u00fablica nesta ter\u00e7a-feira (24) sobre a incorpora\u00e7\u00e3o de medicamentos para tratar o c\u00e2ncer de mama no Sistema \u00danico de Sa\u00fade (SUS). A deputada Silvia Cristina (PL-RO) foi quem pediu o [&hellip;]<\/p>\n","protected":false},"author":0,"featured_media":0,"comment_status":"open","ping_status":"open","sticky":false,"template":"","format":"standard","meta":{"footnotes":""},"categories":[1],"tags":[],"_links":{"self":[{"href":"https:\/\/jeffersonisac.adv.br\/index.php\/wp-json\/wp\/v2\/posts\/3022"}],"collection":[{"href":"https:\/\/jeffersonisac.adv.br\/index.php\/wp-json\/wp\/v2\/posts"}],"about":[{"href":"https:\/\/jeffersonisac.adv.br\/index.php\/wp-json\/wp\/v2\/types\/post"}],"replies":[{"embeddable":true,"href":"https:\/\/jeffersonisac.adv.br\/index.php\/wp-json\/wp\/v2\/comments?post=3022"}],"version-history":[{"count":0,"href":"https:\/\/jeffersonisac.adv.br\/index.php\/wp-json\/wp\/v2\/posts\/3022\/revisions"}],"wp:attachment":[{"href":"https:\/\/jeffersonisac.adv.br\/index.php\/wp-json\/wp\/v2\/media?parent=3022"}],"wp:term":[{"taxonomy":"category","embeddable":true,"href":"https:\/\/jeffersonisac.adv.br\/index.php\/wp-json\/wp\/v2\/categories?post=3022"},{"taxonomy":"post_tag","embeddable":true,"href":"https:\/\/jeffersonisac.adv.br\/index.php\/wp-json\/wp\/v2\/tags?post=3022"}],"curies":[{"name":"wp","href":"https:\/\/api.w.org\/{rel}","templated":true}]}}