{"id":3025,"date":"2023-10-19T13:58:44","date_gmt":"2023-10-19T16:58:44","guid":{"rendered":"https:\/\/jeffersonisac.adv.br\/index.php\/2023\/10\/19\/cadeia-produtiva-da-cannabis-para-fins-medicinais-e-tema-de-audiencia-na-proxima-terca\/"},"modified":"2023-10-19T13:58:44","modified_gmt":"2023-10-19T16:58:44","slug":"cadeia-produtiva-da-cannabis-para-fins-medicinais-e-tema-de-audiencia-na-proxima-terca","status":"publish","type":"post","link":"https:\/\/jeffersonisac.adv.br\/index.php\/2023\/10\/19\/cadeia-produtiva-da-cannabis-para-fins-medicinais-e-tema-de-audiencia-na-proxima-terca\/","title":{"rendered":"Cadeia produtiva da Cannabis para fins medicinais \u00e9 tema de audi\u00eancia na pr\u00f3xima ter\u00e7a"},"content":{"rendered":"<div class=\"image-container\">\n<div class=\"midia-creditos\"><em>Depositphotos<\/em><\/div>\n<div class=\"media-wrapper\"><\/div>\n<div class=\"midia-legenda\">No Brasil, o uso de medicamentos \u00e0 base dessas subst\u00e2ncias ainda \u00e9 recente<\/div>\n<\/div>\n<p>A Comiss\u00e3o de Integra\u00e7\u00e3o Nacional e Desenvolvimento Regional da C\u00e2mara dos Deputados discute na ter\u00e7a-feira (24) a cadeia produtiva da <em>Cannabis sativa<\/em> para fins medicinais e como forma de diversifica\u00e7\u00e3o renda para agricultores familiares. Essa planta tamb\u00e9m usada para produzir a maconha.\u00a0A audi\u00eancia ser\u00e1 realizada no plen\u00e1rio 15, a partir das 9h30.<\/p>\n<p><a href=\"https:\/\/www.camara.leg.br\/evento-legislativo\/70399\">Veja quem foi convidado para falar sobre o assunto<\/a><\/p>\n<p>O debate foi proposto pelo deputado Padre Jo\u00e3o (PT-MG). Ele afirma que as propriedades terap\u00eauticas da maconha v\u00eam sendo utilizadas h\u00e1 s\u00e9culos.\u00a0&#8220;A maconha possui cerca de 400 compostos qu\u00edmicos, contando com 60 canabin\u00f3ides, dos quais, dois destacam-se por suas propriedades medicinais: o tetrahidrocanabinol (THC) e o canabidiol (CDB)&#8221;, detalha o parlamentar.<\/p>\n<p>Alguns estudos cient\u00edficos apontam que o THC e o CBD possuem a\u00e7\u00e3o analg\u00e9sica, antitumoral e anticonvulsivante.\u00a0No Brasil, o uso de medicamentos \u00e0 base dessas subst\u00e2ncias ainda \u00e9 recente.<\/p>\n<p>Padre Jo\u00e3o afirma ainda que outros estudos indicam que a planta\u00e7\u00e3o de cannabis\u00a0 pode favorecer a sustentabilidade de agroecossistemas. &#8220;O cultivo da maconha, em territ\u00f3rio nacional, ser\u00e1 uma alternativa para diversifica\u00e7\u00e3o dos agroecossistemas e das atividades produtivas no campo, em especial a agricultura familiar, promovendo trabalho, renda e inclus\u00e3o social.&#8221;<\/p>\n<p><strong>Projeto na C\u00e2mara<\/strong><br \/>\nEm 2021, uma comiss\u00e3o especial <a href=\"https:\/\/www.camara.leg.br\/noticias\/769630-COMISSAO-APROVA-PROPOSTA-PARA-LEGALIZAR-NO-BRASIL-O-CULTIVO-DE-CANNABIS-SATIVA-PARA-FINS-MEDICINAIS\">aprovou o Projeto de Lei 399\/15<\/a>, que legaliza o plantio da <em>cannabis<\/em> no Pa\u00eds exclusivamente para fins medicinais, veterin\u00e1rios, cient\u00edficos e industriais.<\/p>\n<p>A proposta est\u00e1 parada aguardando a an\u00e1lise de recurso que pede a vota\u00e7\u00e3o do projeto pelo Plen\u00e1rio da C\u00e2mara.<\/p>\n<p>\u00a0<\/p>\n<div><\/div>","protected":false},"excerpt":{"rendered":"<p>Depositphotos No Brasil, o uso de medicamentos \u00e0 base dessas subst\u00e2ncias ainda \u00e9 recente A Comiss\u00e3o de Integra\u00e7\u00e3o Nacional e Desenvolvimento Regional da C\u00e2mara dos Deputados discute na ter\u00e7a-feira (24) a cadeia produtiva da Cannabis sativa para fins medicinais e como forma de diversifica\u00e7\u00e3o renda para agricultores familiares. Essa planta tamb\u00e9m usada para produzir a [&hellip;]<\/p>\n","protected":false},"author":0,"featured_media":0,"comment_status":"open","ping_status":"open","sticky":false,"template":"","format":"standard","meta":{"footnotes":""},"categories":[1],"tags":[],"_links":{"self":[{"href":"https:\/\/jeffersonisac.adv.br\/index.php\/wp-json\/wp\/v2\/posts\/3025"}],"collection":[{"href":"https:\/\/jeffersonisac.adv.br\/index.php\/wp-json\/wp\/v2\/posts"}],"about":[{"href":"https:\/\/jeffersonisac.adv.br\/index.php\/wp-json\/wp\/v2\/types\/post"}],"replies":[{"embeddable":true,"href":"https:\/\/jeffersonisac.adv.br\/index.php\/wp-json\/wp\/v2\/comments?post=3025"}],"version-history":[{"count":0,"href":"https:\/\/jeffersonisac.adv.br\/index.php\/wp-json\/wp\/v2\/posts\/3025\/revisions"}],"wp:attachment":[{"href":"https:\/\/jeffersonisac.adv.br\/index.php\/wp-json\/wp\/v2\/media?parent=3025"}],"wp:term":[{"taxonomy":"category","embeddable":true,"href":"https:\/\/jeffersonisac.adv.br\/index.php\/wp-json\/wp\/v2\/categories?post=3025"},{"taxonomy":"post_tag","embeddable":true,"href":"https:\/\/jeffersonisac.adv.br\/index.php\/wp-json\/wp\/v2\/tags?post=3025"}],"curies":[{"name":"wp","href":"https:\/\/api.w.org\/{rel}","templated":true}]}}