{"id":3037,"date":"2023-10-19T18:28:23","date_gmt":"2023-10-19T21:28:23","guid":{"rendered":"https:\/\/jeffersonisac.adv.br\/index.php\/2023\/10\/19\/projeto-cria-patrulha-nacional-para-combater-a-violencia-domestica-contra-criancas\/"},"modified":"2023-10-19T18:28:23","modified_gmt":"2023-10-19T21:28:23","slug":"projeto-cria-patrulha-nacional-para-combater-a-violencia-domestica-contra-criancas","status":"publish","type":"post","link":"https:\/\/jeffersonisac.adv.br\/index.php\/2023\/10\/19\/projeto-cria-patrulha-nacional-para-combater-a-violencia-domestica-contra-criancas\/","title":{"rendered":"Projeto cria Patrulha Nacional para combater a viol\u00eancia dom\u00e9stica contra crian\u00e7as"},"content":{"rendered":"<div class=\"image-container\">\n<div class=\"midia-creditos\"><em>Zeca Ribeiro\/C\u00e2mara dos Deputados<\/em><\/div>\n<div class=\"media-wrapper\"><\/div>\n<div class=\"midia-legenda\">Flavinha: medida vai fortalecer o sistema de prote\u00e7\u00e3o e garantir atendimento humanizado<\/div>\n<\/div>\n<p>O Projeto de Lei 4486\/23 cria a Patrulha Nacional de Preven\u00e7\u00e3o \u00e0 Viol\u00eancia Dom\u00e9stica e Familiar contra Crian\u00e7as e Adolescentes com o objetivo de prevenir e combater a viol\u00eancia contra esses grupos vulner\u00e1veis, baseando-se tanto na legisla\u00e7\u00e3o nacional quanto nos tratados internacionais.<\/p>\n<p>Pelo texto, em an\u00e1lise na C\u00e2mara dos Deputados, o servi\u00e7o ser\u00e1 prestado nos moldes da Patrulha Maria da Penha em que equipes policiais militares especializadas atuam no enfrentamento \u00e0 viol\u00eancia contra as mulheres.<\/p>\n<p>Para tanto, a proposta prev\u00ea a capacita\u00e7\u00e3o de policiais militares no atendimento humanizado e inclusivo da crian\u00e7a e do adolescente em situa\u00e7\u00e3o de viol\u00eancia, bem como a capacita\u00e7\u00e3o de professores, diretores, coordenadores e demais funcion\u00e1rios das escolas sobre a tem\u00e1tica de viol\u00eancia dom\u00e9stica.<\/p>\n<p>A proposta foi apresentada pela suplente Flavinha (MDB-MT) quando estava no exerc\u00edcio do mandato de deputada. Ela afirma que a inten\u00e7\u00e3o \u00e9 promover um ambiente mais seguro para crian\u00e7as e adolescentes. &#8220;\u00c9 uma medida essencial para proteger os direitos fundamentais desses brasileiros, fortalecer o sistema de prote\u00e7\u00e3o, combater a impunidade, promover a preven\u00e7\u00e3o e garantir um atendimento humanizado e inclusivo \u00e0s v\u00edtimas&#8221;, disse.<\/p>\n<p>O projeto tamb\u00e9m estabelece o m\u00eas de maio como marco para pol\u00edticas de conscientiza\u00e7\u00e3o e enfrentamento da viol\u00eancia dom\u00e9stica contra crian\u00e7as e adolescentes.<\/p>\n<p><strong>Tramita\u00e7\u00e3o<br \/>\n<\/strong>A proposta, que tramita em <span class=\"termoGlossario\">car\u00e1ter conclusivo<\/span>, ser\u00e1 analisada pelas comiss\u00f5es de Seguran\u00e7a P\u00fablica e Combate ao Crime Organizado; de Educa\u00e7\u00e3o; de Previd\u00eancia, Assist\u00eancia Social, Inf\u00e2ncia, Adolesc\u00eancia e Fam\u00edlia; e de Constitui\u00e7\u00e3o e Justi\u00e7a e de Cidadania.<\/p>\n<p><a href=\"https:\/\/www.camara.leg.br\/noticias\/573454-SAIBA-MAIS-SOBRE-A-TRAMITACAO-DE-PROJETOS-DE-LEI\">Saiba mais sobre a tramita\u00e7\u00e3o de projetos de lei<\/a><\/p>","protected":false},"excerpt":{"rendered":"<p>Zeca Ribeiro\/C\u00e2mara dos Deputados Flavinha: medida vai fortalecer o sistema de prote\u00e7\u00e3o e garantir atendimento humanizado O Projeto de Lei 4486\/23 cria a Patrulha Nacional de Preven\u00e7\u00e3o \u00e0 Viol\u00eancia Dom\u00e9stica e Familiar contra Crian\u00e7as e Adolescentes com o objetivo de prevenir e combater a viol\u00eancia contra esses grupos vulner\u00e1veis, baseando-se tanto na legisla\u00e7\u00e3o nacional quanto [&hellip;]<\/p>\n","protected":false},"author":0,"featured_media":0,"comment_status":"open","ping_status":"open","sticky":false,"template":"","format":"standard","meta":{"footnotes":""},"categories":[1],"tags":[],"_links":{"self":[{"href":"https:\/\/jeffersonisac.adv.br\/index.php\/wp-json\/wp\/v2\/posts\/3037"}],"collection":[{"href":"https:\/\/jeffersonisac.adv.br\/index.php\/wp-json\/wp\/v2\/posts"}],"about":[{"href":"https:\/\/jeffersonisac.adv.br\/index.php\/wp-json\/wp\/v2\/types\/post"}],"replies":[{"embeddable":true,"href":"https:\/\/jeffersonisac.adv.br\/index.php\/wp-json\/wp\/v2\/comments?post=3037"}],"version-history":[{"count":0,"href":"https:\/\/jeffersonisac.adv.br\/index.php\/wp-json\/wp\/v2\/posts\/3037\/revisions"}],"wp:attachment":[{"href":"https:\/\/jeffersonisac.adv.br\/index.php\/wp-json\/wp\/v2\/media?parent=3037"}],"wp:term":[{"taxonomy":"category","embeddable":true,"href":"https:\/\/jeffersonisac.adv.br\/index.php\/wp-json\/wp\/v2\/categories?post=3037"},{"taxonomy":"post_tag","embeddable":true,"href":"https:\/\/jeffersonisac.adv.br\/index.php\/wp-json\/wp\/v2\/tags?post=3037"}],"curies":[{"name":"wp","href":"https:\/\/api.w.org\/{rel}","templated":true}]}}