{"id":3039,"date":"2023-10-19T19:24:59","date_gmt":"2023-10-19T22:24:59","guid":{"rendered":"https:\/\/jeffersonisac.adv.br\/index.php\/2023\/10\/19\/projeto-garante-lar-provisorio-a-animais-dependentes-de-tutores-presos\/"},"modified":"2023-10-19T19:24:59","modified_gmt":"2023-10-19T22:24:59","slug":"projeto-garante-lar-provisorio-a-animais-dependentes-de-tutores-presos","status":"publish","type":"post","link":"https:\/\/jeffersonisac.adv.br\/index.php\/2023\/10\/19\/projeto-garante-lar-provisorio-a-animais-dependentes-de-tutores-presos\/","title":{"rendered":"Projeto garante lar provis\u00f3rio a animais dependentes de tutores presos"},"content":{"rendered":"<div class=\"image-container\">\n<div class=\"midia-creditos\"><em>Zeca Ribeiro\/C\u00e2mara dos Deputados<\/em><\/div>\n<div class=\"media-wrapper\"><\/div>\n<div class=\"midia-legenda\">Delegado Matheus Laiola, autor da proposta<\/div>\n<\/div>\n<p>O Projeto de Lei 4461\/23 estabelece que o poder p\u00fablico deve providenciar lar provis\u00f3rio ao animal que dependa de pessoa presa. Em an\u00e1lise na C\u00e2mara dos Deputados, o projeto altera a <a href=\"https:\/\/www2.camara.gov.br\/legin\/fed\/lei\/1980-1987\/lei-7210-11-julho-1984-356938-norma-pl.html\">Lei de Execu\u00e7\u00e3o Penal<\/a> e o <a href=\"https:\/\/www2.camara.gov.br\/legin\/fed\/declei\/1940-1949\/decreto-lei-3689-3-outubro-1941-322206-norma-pe.html\">C\u00f3digo de Processo Penal<\/a>.<\/p>\n<p>O autor, deputado Delegado Matheus Laiola (Uni\u00e3o-PR), refor\u00e7a que a iniciativa combate o abandono de animais. \u201c\u00c9 preciso avan\u00e7ar na legisla\u00e7\u00e3o infraconstitucional, sempre observando o melhor interesse e o bem-estar dos animais\u201d, disse.<\/p>\n<p><strong>Tramita\u00e7\u00e3o<br \/>\n<\/strong>A proposta ser\u00e1 analisada em <span class=\"termoGlossario\">car\u00e1ter conclusivo<\/span> pelas comiss\u00f5es de Seguran\u00e7a P\u00fablica e Combate ao Crime Organizado; de Meio Ambiente e Desenvolvimento Sustent\u00e1vel; e de Constitui\u00e7\u00e3o e Justi\u00e7a e de Cidadania.<\/p>\n<p><a href=\"https:\/\/www.camara.leg.br\/noticias\/573454-SAIBA-MAIS-SOBRE-A-TRAMITACAO-DE-PROJETOS-DE-LEI\">Saiba mais sobre a tramita\u00e7\u00e3o de projetos de lei<\/a><\/p>","protected":false},"excerpt":{"rendered":"<p>Zeca Ribeiro\/C\u00e2mara dos Deputados Delegado Matheus Laiola, autor da proposta O Projeto de Lei 4461\/23 estabelece que o poder p\u00fablico deve providenciar lar provis\u00f3rio ao animal que dependa de pessoa presa. Em an\u00e1lise na C\u00e2mara dos Deputados, o projeto altera a Lei de Execu\u00e7\u00e3o Penal e o C\u00f3digo de Processo Penal. O autor, deputado Delegado [&hellip;]<\/p>\n","protected":false},"author":0,"featured_media":0,"comment_status":"open","ping_status":"open","sticky":false,"template":"","format":"standard","meta":{"footnotes":""},"categories":[1],"tags":[],"_links":{"self":[{"href":"https:\/\/jeffersonisac.adv.br\/index.php\/wp-json\/wp\/v2\/posts\/3039"}],"collection":[{"href":"https:\/\/jeffersonisac.adv.br\/index.php\/wp-json\/wp\/v2\/posts"}],"about":[{"href":"https:\/\/jeffersonisac.adv.br\/index.php\/wp-json\/wp\/v2\/types\/post"}],"replies":[{"embeddable":true,"href":"https:\/\/jeffersonisac.adv.br\/index.php\/wp-json\/wp\/v2\/comments?post=3039"}],"version-history":[{"count":0,"href":"https:\/\/jeffersonisac.adv.br\/index.php\/wp-json\/wp\/v2\/posts\/3039\/revisions"}],"wp:attachment":[{"href":"https:\/\/jeffersonisac.adv.br\/index.php\/wp-json\/wp\/v2\/media?parent=3039"}],"wp:term":[{"taxonomy":"category","embeddable":true,"href":"https:\/\/jeffersonisac.adv.br\/index.php\/wp-json\/wp\/v2\/categories?post=3039"},{"taxonomy":"post_tag","embeddable":true,"href":"https:\/\/jeffersonisac.adv.br\/index.php\/wp-json\/wp\/v2\/tags?post=3039"}],"curies":[{"name":"wp","href":"https:\/\/api.w.org\/{rel}","templated":true}]}}