{"id":3043,"date":"2023-10-20T08:25:21","date_gmt":"2023-10-20T11:25:21","guid":{"rendered":"https:\/\/jeffersonisac.adv.br\/index.php\/2023\/10\/20\/camara-entrega-na-terca-feira-premio-darcy-ribeiro-de-educacao-2023\/"},"modified":"2023-10-20T08:25:21","modified_gmt":"2023-10-20T11:25:21","slug":"camara-entrega-na-terca-feira-premio-darcy-ribeiro-de-educacao-2023","status":"publish","type":"post","link":"https:\/\/jeffersonisac.adv.br\/index.php\/2023\/10\/20\/camara-entrega-na-terca-feira-premio-darcy-ribeiro-de-educacao-2023\/","title":{"rendered":"C\u00e2mara entrega na ter\u00e7a-feira Pr\u00eamio Darcy Ribeiro de Educa\u00e7\u00e3o 2023"},"content":{"rendered":"<div class=\"conteudoNoticia\">\n<div class=\"image-container\">\n<div class=\"midia-creditos\"><em>Depositphotos<\/em><\/div>\n<div class=\"media-wrapper\"><\/div>\n<div class=\"midia-legenda\">Pr\u00eamio \u00e9 entregue anualmente pela C\u00e2mara dos Deputados<\/div>\n<\/div>\n<p>A C\u00e2mara dos Deputados realiza na ter\u00e7a-feira (24) a cerim\u00f4nia de entrega do Pr\u00eamio Darcy Ribeiro de Educa\u00e7\u00e3o 2023. O evento est\u00e1 marcado para as 15 horas, no Sal\u00e3o Nobre, e ser\u00e1 transmitido ao vivo pelo <a href=\"https:\/\/www.youtube.com\/@CamaradosDeputadosoficial\">canal da C\u00e2mara no YouTube<\/a>.<\/p>\n<p>Promovido pela Comiss\u00e3o de Educa\u00e7\u00e3o, o pr\u00eamio consiste na concess\u00e3o de medalha e diploma de men\u00e7\u00e3o honrosa a tr\u00eas pessoas e\/ou entidades cujos trabalhos ou a\u00e7\u00f5es mereceram especial destaque na defesa e promo\u00e7\u00e3o da educa\u00e7\u00e3o no Brasil.<\/p>\n<p><a href=\"https:\/\/www.camara.leg.br\/evento-legislativo\/70316\">Confira a pauta do evento<\/a><\/p>\n<p><strong>Vencedores<\/strong><br \/>\nOs tr\u00eas escolhidos pelos integrantes da Comiss\u00e3o de Educa\u00e7\u00e3o para receber o pr\u00eamio deste ano s\u00e3o:<\/p>\n<p>o Centro de Apoio Especializado \u00e0 Educa\u00e7\u00e3o Profissional Favo de Mel (RJ) &#8211; indicado pela deputada Soraya Santos (PL-RJ);<br \/>\no governo do estado de Alagoas &#8211; indicado pelo deputado Rafael Brito (MDB- AL); e<br \/>\na Universidade Federal do Tocantins &#8211; Programa de Extens\u00e3o Universidade da Maturidade (UMA) &#8211; indicada pelo deputado Ricardo Ayres (Republicanos -TO).<\/p>\n<p><strong>Darcy Ribeiro<\/strong><br \/>\nAntrop\u00f3logo, escritor e pol\u00edtico, Darcy Ribeiro foi um dos principais intelectuais brasileiros, fundador da Universidade de Bras\u00edlia (UnB). Nascido em Montes Claros (MG) em 1922, formou-se pela Escola de Sociologia e Pol\u00edtica da Universidade de S\u00e3o Paulo (USP) em 1946. Etn\u00f3logo do Servi\u00e7o de Prote\u00e7\u00e3o ao \u00cdndio, passou per\u00edodos com diversas tribos ind\u00edgenas.<\/p>\n<p>Foi ministro da Educa\u00e7\u00e3o (1962-1963) e chefe da Casa Civil da Presid\u00eancia da Rep\u00fablica (1963-1964). Como vice-governador do Rio de Janeiro (1983-1987), implantou os Centros Integrados de Ensino P\u00fablico (Cieps). De 1991 at\u00e9 sua morte, em 1997, foi senador pelo Rio de Janeiro.<\/p>\n<p><a href=\"https:\/\/www2.camara.leg.br\/atividade-legislativa\/comissoes\/comissoes-permanentes\/ce\/outros-documentos\/premiodarcyribeiro\/AGRACIADOS20022023.pdf\">Confira os agraciados do pr\u00eamio de 2002 a 2023<\/a><\/p>\n<\/div>","protected":false},"excerpt":{"rendered":"<p>Depositphotos Pr\u00eamio \u00e9 entregue anualmente pela C\u00e2mara dos Deputados A C\u00e2mara dos Deputados realiza na ter\u00e7a-feira (24) a cerim\u00f4nia de entrega do Pr\u00eamio Darcy Ribeiro de Educa\u00e7\u00e3o 2023. O evento est\u00e1 marcado para as 15 horas, no Sal\u00e3o Nobre, e ser\u00e1 transmitido ao vivo pelo canal da C\u00e2mara no YouTube. Promovido pela Comiss\u00e3o de Educa\u00e7\u00e3o, [&hellip;]<\/p>\n","protected":false},"author":0,"featured_media":0,"comment_status":"open","ping_status":"open","sticky":false,"template":"","format":"standard","meta":{"footnotes":""},"categories":[1],"tags":[],"_links":{"self":[{"href":"https:\/\/jeffersonisac.adv.br\/index.php\/wp-json\/wp\/v2\/posts\/3043"}],"collection":[{"href":"https:\/\/jeffersonisac.adv.br\/index.php\/wp-json\/wp\/v2\/posts"}],"about":[{"href":"https:\/\/jeffersonisac.adv.br\/index.php\/wp-json\/wp\/v2\/types\/post"}],"replies":[{"embeddable":true,"href":"https:\/\/jeffersonisac.adv.br\/index.php\/wp-json\/wp\/v2\/comments?post=3043"}],"version-history":[{"count":0,"href":"https:\/\/jeffersonisac.adv.br\/index.php\/wp-json\/wp\/v2\/posts\/3043\/revisions"}],"wp:attachment":[{"href":"https:\/\/jeffersonisac.adv.br\/index.php\/wp-json\/wp\/v2\/media?parent=3043"}],"wp:term":[{"taxonomy":"category","embeddable":true,"href":"https:\/\/jeffersonisac.adv.br\/index.php\/wp-json\/wp\/v2\/categories?post=3043"},{"taxonomy":"post_tag","embeddable":true,"href":"https:\/\/jeffersonisac.adv.br\/index.php\/wp-json\/wp\/v2\/tags?post=3043"}],"curies":[{"name":"wp","href":"https:\/\/api.w.org\/{rel}","templated":true}]}}