{"id":3047,"date":"2023-10-20T09:24:13","date_gmt":"2023-10-20T12:24:13","guid":{"rendered":"https:\/\/jeffersonisac.adv.br\/index.php\/2023\/10\/20\/comissao-aprova-uso-do-fat-para-financiar-contribuicao-previdenciaria-de-trabalhador-desempregado\/"},"modified":"2023-10-20T09:24:13","modified_gmt":"2023-10-20T12:24:13","slug":"comissao-aprova-uso-do-fat-para-financiar-contribuicao-previdenciaria-de-trabalhador-desempregado","status":"publish","type":"post","link":"https:\/\/jeffersonisac.adv.br\/index.php\/2023\/10\/20\/comissao-aprova-uso-do-fat-para-financiar-contribuicao-previdenciaria-de-trabalhador-desempregado\/","title":{"rendered":"Comiss\u00e3o aprova uso do FAT para financiar contribui\u00e7\u00e3o previdenci\u00e1ria de trabalhador desempregado"},"content":{"rendered":"<div class=\"image-container\">\n<div class=\"midia-creditos\"><em>Vinicius Loures\/C\u00e2mara dos Deputados<\/em><\/div>\n<div class=\"media-wrapper\"><\/div>\n<div class=\"midia-legenda\">Para Rog\u00e9ria Santos, a medida aprovada tem impacto social relevante<\/div>\n<\/div>\n<p>A Comiss\u00e3o de Previd\u00eancia, Assist\u00eancia Social, Inf\u00e2ncia, Adolesc\u00eancia e Fam\u00edlia da C\u00e2mara dos Deputados aprovou o <a class=\"linkProposicao\" href=\"https:\/\/www.camara.leg.br\/noticias\/114725-fat-podera-contribuir-para-desempregado-se-aposentar\">Projeto de Lei 2624\/07<\/a>, que permite ao Programa Seguro-Desemprego financiar a contribui\u00e7\u00e3o previdenci\u00e1ria de trabalhador desempregado que esteja a tr\u00eas anos ou menos de se aposentar.<\/p>\n<p>O programa \u00e9 custeado pelo Fundo de Amparo ao Trabalhador (<span class=\"termoGlossario\">FAT<\/span>), que, na pr\u00e1tica, seria respons\u00e1vel pelos recursos emprestados ao trabalhador. Pelo texto aprovado, o financiamento ser\u00e1 descontado em parcelas da aposentadoria.<\/p>\n<p>O projeto vai ser analisado agora, em <span class=\"termoGlossario\">car\u00e1ter conclusivo<\/span>, pelas comiss\u00f5es de Finan\u00e7as e Tributa\u00e7\u00e3o; e de Constitui\u00e7\u00e3o e Justi\u00e7a e de Cidadania (CCJ).<\/p>\n<p><strong>Impacto social<br \/>\n<\/strong>A proposta insere as novas regras na <a href=\"https:\/\/www2.camara.leg.br\/legin\/fed\/lei\/1990\/lei-7998-11-janeiro-1990-366029-norma-pl.html\">Lei do Seguro-Desemprego<\/a>. O texto \u00e9 do ex-deputado J\u00falio Delgado (MG) e foi aprovado com parecer favor\u00e1vel da relatora, deputada Rog\u00e9ria Santos (Republicanos-BA).<\/p>\n<p>Ela afirmou que a medida aprovada tem um impacto social relevante. \u201cA cria\u00e7\u00e3o do financiamento viabiliza a prote\u00e7\u00e3o social dos trabalhadores desempregados pr\u00f3ximos de se aposentar, que muitas vezes s\u00e3o preteridos no mercado por trabalhadores mais jovens\u201d, disse a deputada.<\/p>\n<p><strong>Sem preju\u00edzo<br \/>\n<\/strong>Rog\u00e9ria Santos afirmou ainda que a proposta n\u00e3o prejudica o governo, que pode reduzir os gastos com benef\u00edcios assistenciais para pessoas em idade avan\u00e7ada. Tamb\u00e9m n\u00e3o afeta o FAT. \u201cO financiamento estar\u00e1 sujeito \u00e0 garantia de desconto das parcelas na aposentadoria futura do beneficiado\u201d, disse.<\/p>\n<p>A relatora apresentou uma <span class=\"termoGlossario\">emenda<\/span> para deixar a reda\u00e7\u00e3o da proposta mais clara, sem mudar o seu conte\u00fado.<\/p>\n<p><a href=\"https:\/\/www.camara.leg.br\/noticias\/573454-SAIBA-MAIS-SOBRE-A-TRAMITACAO-DE-PROJETOS-DE-LEI\">Saiba mais sobre a tramita\u00e7\u00e3o de projetos de lei<\/a><\/p>","protected":false},"excerpt":{"rendered":"<p>Vinicius Loures\/C\u00e2mara dos Deputados Para Rog\u00e9ria Santos, a medida aprovada tem impacto social relevante A Comiss\u00e3o de Previd\u00eancia, Assist\u00eancia Social, Inf\u00e2ncia, Adolesc\u00eancia e Fam\u00edlia da C\u00e2mara dos Deputados aprovou o Projeto de Lei 2624\/07, que permite ao Programa Seguro-Desemprego financiar a contribui\u00e7\u00e3o previdenci\u00e1ria de trabalhador desempregado que esteja a tr\u00eas anos ou menos de se [&hellip;]<\/p>\n","protected":false},"author":0,"featured_media":0,"comment_status":"open","ping_status":"open","sticky":false,"template":"","format":"standard","meta":{"footnotes":""},"categories":[1],"tags":[],"_links":{"self":[{"href":"https:\/\/jeffersonisac.adv.br\/index.php\/wp-json\/wp\/v2\/posts\/3047"}],"collection":[{"href":"https:\/\/jeffersonisac.adv.br\/index.php\/wp-json\/wp\/v2\/posts"}],"about":[{"href":"https:\/\/jeffersonisac.adv.br\/index.php\/wp-json\/wp\/v2\/types\/post"}],"replies":[{"embeddable":true,"href":"https:\/\/jeffersonisac.adv.br\/index.php\/wp-json\/wp\/v2\/comments?post=3047"}],"version-history":[{"count":0,"href":"https:\/\/jeffersonisac.adv.br\/index.php\/wp-json\/wp\/v2\/posts\/3047\/revisions"}],"wp:attachment":[{"href":"https:\/\/jeffersonisac.adv.br\/index.php\/wp-json\/wp\/v2\/media?parent=3047"}],"wp:term":[{"taxonomy":"category","embeddable":true,"href":"https:\/\/jeffersonisac.adv.br\/index.php\/wp-json\/wp\/v2\/categories?post=3047"},{"taxonomy":"post_tag","embeddable":true,"href":"https:\/\/jeffersonisac.adv.br\/index.php\/wp-json\/wp\/v2\/tags?post=3047"}],"curies":[{"name":"wp","href":"https:\/\/api.w.org\/{rel}","templated":true}]}}