{"id":3049,"date":"2023-10-20T09:24:13","date_gmt":"2023-10-20T12:24:13","guid":{"rendered":"https:\/\/jeffersonisac.adv.br\/index.php\/2023\/10\/20\/tratamento-do-cancer-de-pulmao-no-sus-e-tema-de-audiencia-na-camara-na-proxima-quarta\/"},"modified":"2023-10-20T09:24:13","modified_gmt":"2023-10-20T12:24:13","slug":"tratamento-do-cancer-de-pulmao-no-sus-e-tema-de-audiencia-na-camara-na-proxima-quarta","status":"publish","type":"post","link":"https:\/\/jeffersonisac.adv.br\/index.php\/2023\/10\/20\/tratamento-do-cancer-de-pulmao-no-sus-e-tema-de-audiencia-na-camara-na-proxima-quarta\/","title":{"rendered":"Tratamento do c\u00e2ncer de pulm\u00e3o no SUS \u00e9 tema de audi\u00eancia na C\u00e2mara na pr\u00f3xima quarta"},"content":{"rendered":"<div class=\"image-container\">\n<div class=\"midia-creditos\"><em>Getty Images<\/em><\/div>\n<div class=\"media-wrapper\"><\/div>\n<div class=\"midia-legenda\">\u00a0Mundialmente, o c\u00e2ncer de pulm\u00e3o \u00e9 o segundo mais comum<\/div>\n<\/div>\n<p>A comiss\u00e3o especial da C\u00e2mara dos Deputados que acompanha as a\u00e7\u00f5es de combate ao c\u00e2ncer no Brasil realiza audi\u00eancia p\u00fablica nesta quarta-feira (25) sobre o tratamento do c\u00e2ncer de pulm\u00e3o em pacientes do Sistema \u00danico de Sa\u00fade (SUS).<\/p>\n<p>O Instituto Nacional de C\u00e2ncer estima que, para cada ano do tri\u00eanio 2023\/2025, ser\u00e3o diagnosticados 32.560 novos casos de c\u00e2ncer de pulm\u00e3o, traqueia e br\u00f4nquios no Pa\u00eds. A maioria dos casos deve acometer homens (18.020).<\/p>\n<p>Os principais fatores de risco para desenvolver c\u00e2ncer de pulm\u00e3o s\u00e3o:<\/p>\n<p>o tabagismo e a exposi\u00e7\u00e3o passiva ao tabaco (85% dos casos diagnosticados);<br \/>\nfatores associados \u00e0s exposi\u00e7\u00f5es ocupacional e ambiental; e<br \/>\npolui\u00e7\u00e3o do ar e radia\u00e7\u00f5es.<\/p>\n<p>O debate ser\u00e1 realizado no plen\u00e1rio 8, a partir das 14h30, a pedido da relatora da comiss\u00e3o, deputada Silvia Cristina (PL-RO).<\/p>\n<p><a href=\"https:\/\/www.camara.leg.br\/evento-legislativo\/70606\">Veja quem foi convidado para discutir o assunto<\/a><\/p>","protected":false},"excerpt":{"rendered":"<p>Getty Images \u00a0Mundialmente, o c\u00e2ncer de pulm\u00e3o \u00e9 o segundo mais comum A comiss\u00e3o especial da C\u00e2mara dos Deputados que acompanha as a\u00e7\u00f5es de combate ao c\u00e2ncer no Brasil realiza audi\u00eancia p\u00fablica nesta quarta-feira (25) sobre o tratamento do c\u00e2ncer de pulm\u00e3o em pacientes do Sistema \u00danico de Sa\u00fade (SUS). O Instituto Nacional de C\u00e2ncer [&hellip;]<\/p>\n","protected":false},"author":0,"featured_media":0,"comment_status":"open","ping_status":"open","sticky":false,"template":"","format":"standard","meta":{"footnotes":""},"categories":[1],"tags":[],"_links":{"self":[{"href":"https:\/\/jeffersonisac.adv.br\/index.php\/wp-json\/wp\/v2\/posts\/3049"}],"collection":[{"href":"https:\/\/jeffersonisac.adv.br\/index.php\/wp-json\/wp\/v2\/posts"}],"about":[{"href":"https:\/\/jeffersonisac.adv.br\/index.php\/wp-json\/wp\/v2\/types\/post"}],"replies":[{"embeddable":true,"href":"https:\/\/jeffersonisac.adv.br\/index.php\/wp-json\/wp\/v2\/comments?post=3049"}],"version-history":[{"count":0,"href":"https:\/\/jeffersonisac.adv.br\/index.php\/wp-json\/wp\/v2\/posts\/3049\/revisions"}],"wp:attachment":[{"href":"https:\/\/jeffersonisac.adv.br\/index.php\/wp-json\/wp\/v2\/media?parent=3049"}],"wp:term":[{"taxonomy":"category","embeddable":true,"href":"https:\/\/jeffersonisac.adv.br\/index.php\/wp-json\/wp\/v2\/categories?post=3049"},{"taxonomy":"post_tag","embeddable":true,"href":"https:\/\/jeffersonisac.adv.br\/index.php\/wp-json\/wp\/v2\/tags?post=3049"}],"curies":[{"name":"wp","href":"https:\/\/api.w.org\/{rel}","templated":true}]}}