{"id":3054,"date":"2023-10-20T10:26:36","date_gmt":"2023-10-20T13:26:36","guid":{"rendered":"https:\/\/jeffersonisac.adv.br\/index.php\/2023\/10\/20\/comissao-discute-integracao-de-dados-para-garantir-melhor-atendimento-a-saude\/"},"modified":"2023-10-20T10:26:36","modified_gmt":"2023-10-20T13:26:36","slug":"comissao-discute-integracao-de-dados-para-garantir-melhor-atendimento-a-saude","status":"publish","type":"post","link":"https:\/\/jeffersonisac.adv.br\/index.php\/2023\/10\/20\/comissao-discute-integracao-de-dados-para-garantir-melhor-atendimento-a-saude\/","title":{"rendered":"Comiss\u00e3o discute integra\u00e7\u00e3o de dados para garantir melhor atendimento \u00e0 sa\u00fade"},"content":{"rendered":"<div class=\"image-container\">\n<div class=\"midia-creditos\"><em>Getty Images<\/em><\/div>\n<div class=\"media-wrapper\"><\/div>\n<div class=\"midia-legenda\"><\/div>\n<\/div>\n<p>A Comiss\u00e3o de Sa\u00fade da C\u00e2mara dos Deputados discute na pr\u00f3xima ter\u00e7a-feira (24) a interoperabilidade em sa\u00fade no Brasil. A audi\u00eancia foi pedida pela deputada Fl\u00e1via Morais (PDT-GO), que \u00e9 a relatora da Subcomiss\u00e3o Especial para debater Telemedicina, Telessa\u00fade e Sa\u00fade Digital (Subtele).<\/p>\n<p>Interoperabilidade \u00e9 a capacidade de conectar diversos sistemas de informa\u00e7\u00e3o para otimizar o trabalho com a intelig\u00eancia de dados. Na \u00e1rea de sa\u00fade, a interoperabilidade busca centralizar dados cadastrais e operacionais para oferecer atendimento mais personalizado.<\/p>\n<p>&#8220;O Brasil possui diferentes realidades em termos de acesso \u00e0 sa\u00fade e \u00e0 infraestrutura tecnol\u00f3gica, assim como variedade de capacidade tecnol\u00f3gica entre munic\u00edpios, estados, Uni\u00e3o, setor p\u00fablico e privado&#8221;, afirma Fl\u00e1via. Por isso, a deputada quer esclarecimentos sobre:<\/p>\n<p>a integra\u00e7\u00e3o atual de dados de sa\u00fade dos diversos atores p\u00fablicos, privados e do terceiro setor, em todas as esferas governamentais (municipal, estadual e federal);<br \/>\na governan\u00e7a da Rede Nacional de Dados em Sa\u00fade; e<br \/>\nos pontos que precisam ser aperfei\u00e7oados para possibilitar maior efici\u00eancia e integralidade no atendimento em sa\u00fade.<\/p>\n<p>A audi\u00eancia ser\u00e1 realizada no plen\u00e1rio 7, a partir das 17 horas.<\/p>\n<p><a href=\"https:\/\/www.camara.leg.br\/evento-legislativo\/70589\">Veja quem foi convidado para discutir o assunto<\/a><\/p>","protected":false},"excerpt":{"rendered":"<p>Getty Images A Comiss\u00e3o de Sa\u00fade da C\u00e2mara dos Deputados discute na pr\u00f3xima ter\u00e7a-feira (24) a interoperabilidade em sa\u00fade no Brasil. A audi\u00eancia foi pedida pela deputada Fl\u00e1via Morais (PDT-GO), que \u00e9 a relatora da Subcomiss\u00e3o Especial para debater Telemedicina, Telessa\u00fade e Sa\u00fade Digital (Subtele). Interoperabilidade \u00e9 a capacidade de conectar diversos sistemas de informa\u00e7\u00e3o [&hellip;]<\/p>\n","protected":false},"author":0,"featured_media":0,"comment_status":"open","ping_status":"open","sticky":false,"template":"","format":"standard","meta":{"footnotes":""},"categories":[1],"tags":[],"_links":{"self":[{"href":"https:\/\/jeffersonisac.adv.br\/index.php\/wp-json\/wp\/v2\/posts\/3054"}],"collection":[{"href":"https:\/\/jeffersonisac.adv.br\/index.php\/wp-json\/wp\/v2\/posts"}],"about":[{"href":"https:\/\/jeffersonisac.adv.br\/index.php\/wp-json\/wp\/v2\/types\/post"}],"replies":[{"embeddable":true,"href":"https:\/\/jeffersonisac.adv.br\/index.php\/wp-json\/wp\/v2\/comments?post=3054"}],"version-history":[{"count":0,"href":"https:\/\/jeffersonisac.adv.br\/index.php\/wp-json\/wp\/v2\/posts\/3054\/revisions"}],"wp:attachment":[{"href":"https:\/\/jeffersonisac.adv.br\/index.php\/wp-json\/wp\/v2\/media?parent=3054"}],"wp:term":[{"taxonomy":"category","embeddable":true,"href":"https:\/\/jeffersonisac.adv.br\/index.php\/wp-json\/wp\/v2\/categories?post=3054"},{"taxonomy":"post_tag","embeddable":true,"href":"https:\/\/jeffersonisac.adv.br\/index.php\/wp-json\/wp\/v2\/tags?post=3054"}],"curies":[{"name":"wp","href":"https:\/\/api.w.org\/{rel}","templated":true}]}}