{"id":3058,"date":"2023-10-20T11:28:04","date_gmt":"2023-10-20T14:28:04","guid":{"rendered":"https:\/\/jeffersonisac.adv.br\/index.php\/2023\/10\/20\/monte-siao-em-minas-gerais-ganha-titulo-de-capital-nacional-da-moda-trico\/"},"modified":"2023-10-20T11:28:04","modified_gmt":"2023-10-20T14:28:04","slug":"monte-siao-em-minas-gerais-ganha-titulo-de-capital-nacional-da-moda-trico","status":"publish","type":"post","link":"https:\/\/jeffersonisac.adv.br\/index.php\/2023\/10\/20\/monte-siao-em-minas-gerais-ganha-titulo-de-capital-nacional-da-moda-trico\/","title":{"rendered":"Monte Si\u00e3o, em Minas Gerais, ganha t\u00edtulo de Capital Nacional da Moda Tric\u00f4"},"content":{"rendered":"<div class=\"image-container\">\n<div class=\"midia-creditos\"><em>Prefeitura de Monte Si\u00e3o<\/em><\/div>\n<div class=\"media-wrapper\"><\/div>\n<div class=\"midia-legenda\">A cidade mineira de Monte Si\u00e3o<\/div>\n<\/div>\n<p>O presidente Lu\u00eds In\u00e1cio Lula da Silva sancionou a <a class=\"linkLegislacao\" href=\"https:\/\/www2.camara.gov.br\/legin\/fed\/lei\/2023\/lei-14699-19-outubro-2023-794833-norma-pl.html\">Lei 14.699\/23<\/a>, que concede o t\u00edtulo de Capital Nacional da Moda Tric\u00f4 ao munic\u00edpio de Monte Si\u00e3o, em Minas Gerais.<\/p>\n<p>Autor do <a href=\"https:\/\/www.camara.leg.br\/noticias\/793279-CCJ-APROVA-TITULO-DE-CAPITAL-NACIONAL-DA-MODA-TRICO-A-CIDADE-MINEIRA\">Projeto de Lei 3229\/15<\/a>, que deu origem \u00e0 nova lei, o deputado Reginaldo Lopes (PT-MG) afirma que o modo monte-sionense de fazer malhas em tric\u00f4 \u00e9 \u201ccarregado de hist\u00f3ria\u201d e marca fortemente a identidade do munic\u00edpio.<\/p>\n<p>Segundo o parlamentar, existem cerca de 1.200 pequenas ind\u00fastrias e cerca de 1.500 lojas relacionadas ao tric\u00f4 na cidade mineira.<\/p>\n<p><a href=\"https:\/\/www.camara.leg.br\/noticias\/573454-SAIBA-MAIS-SOBRE-A-TRAMITACAO-DE-PROJETOS-DE-LEI\">Saiba mais sobre a tramita\u00e7\u00e3o de projetos de lei<\/a><\/p>","protected":false},"excerpt":{"rendered":"<p>Prefeitura de Monte Si\u00e3o A cidade mineira de Monte Si\u00e3o O presidente Lu\u00eds In\u00e1cio Lula da Silva sancionou a Lei 14.699\/23, que concede o t\u00edtulo de Capital Nacional da Moda Tric\u00f4 ao munic\u00edpio de Monte Si\u00e3o, em Minas Gerais. Autor do Projeto de Lei 3229\/15, que deu origem \u00e0 nova lei, o deputado Reginaldo Lopes [&hellip;]<\/p>\n","protected":false},"author":0,"featured_media":0,"comment_status":"open","ping_status":"open","sticky":false,"template":"","format":"standard","meta":{"footnotes":""},"categories":[1],"tags":[],"_links":{"self":[{"href":"https:\/\/jeffersonisac.adv.br\/index.php\/wp-json\/wp\/v2\/posts\/3058"}],"collection":[{"href":"https:\/\/jeffersonisac.adv.br\/index.php\/wp-json\/wp\/v2\/posts"}],"about":[{"href":"https:\/\/jeffersonisac.adv.br\/index.php\/wp-json\/wp\/v2\/types\/post"}],"replies":[{"embeddable":true,"href":"https:\/\/jeffersonisac.adv.br\/index.php\/wp-json\/wp\/v2\/comments?post=3058"}],"version-history":[{"count":0,"href":"https:\/\/jeffersonisac.adv.br\/index.php\/wp-json\/wp\/v2\/posts\/3058\/revisions"}],"wp:attachment":[{"href":"https:\/\/jeffersonisac.adv.br\/index.php\/wp-json\/wp\/v2\/media?parent=3058"}],"wp:term":[{"taxonomy":"category","embeddable":true,"href":"https:\/\/jeffersonisac.adv.br\/index.php\/wp-json\/wp\/v2\/categories?post=3058"},{"taxonomy":"post_tag","embeddable":true,"href":"https:\/\/jeffersonisac.adv.br\/index.php\/wp-json\/wp\/v2\/tags?post=3058"}],"curies":[{"name":"wp","href":"https:\/\/api.w.org\/{rel}","templated":true}]}}