{"id":3062,"date":"2023-10-20T12:25:21","date_gmt":"2023-10-20T15:25:21","guid":{"rendered":"https:\/\/jeffersonisac.adv.br\/index.php\/2023\/10\/20\/comissao-vai-debater-padronizacao-de-conexao-na-recarga-de-veiculos-eletricos\/"},"modified":"2023-10-20T12:25:21","modified_gmt":"2023-10-20T15:25:21","slug":"comissao-vai-debater-padronizacao-de-conexao-na-recarga-de-veiculos-eletricos","status":"publish","type":"post","link":"https:\/\/jeffersonisac.adv.br\/index.php\/2023\/10\/20\/comissao-vai-debater-padronizacao-de-conexao-na-recarga-de-veiculos-eletricos\/","title":{"rendered":"Comiss\u00e3o vai debater padroniza\u00e7\u00e3o de conex\u00e3o na recarga de ve\u00edculos el\u00e9tricos"},"content":{"rendered":"<div class=\"image-container\">\n<div class=\"midia-creditos\"><em>Mario Agra\/C\u00e2mara dos Deputados<\/em><\/div>\n<div class=\"media-wrapper\"><\/div>\n<div class=\"midia-legenda\">Jorge Braz \u00e9 o autor do requerimento para a realiza\u00e7\u00e3o da audi\u00eancia<\/div>\n<\/div>\n<p>A Comiss\u00e3o de Defesa do Consumidor da C\u00e2mara dos Deputados vai realizar audi\u00eancia p\u00fablica na quarta-feira (25) para debater a padroniza\u00e7\u00e3o das conex\u00f5es de recarga de ve\u00edculos el\u00e9tricos no Brasil. O vice-presidente da Rep\u00fablica, Geraldo Alckmin, que tamb\u00e9m \u00e9 ministro do Desenvolvimento, Ind\u00fastria, Com\u00e9rcio e Servi\u00e7os, \u00e9 um dos convidados.<\/p>\n<p>O autor do requerimento para a realiza\u00e7\u00e3o do debate \u00e9 o deputado Jorge Braz (Republicanos-RJ). Ele \u00e9 o relator na comiss\u00e3o do <a class=\"linkProposicao\" href=\"https:\/\/www.camara.leg.br\/noticias\/890347-projeto-determina-padronizacao-de-cabos-e-estacoes-de-recarga-de-veiculos-eletricos-no-brasil\">Projeto de Lei 1621\/22<\/a>, do deputado Beto Pereira (PSDB-MS), que determina essa padroniza\u00e7\u00e3o dos cabos de recarga de ve\u00edculos novos comercializados no Brasil.<\/p>\n<p>Segundo levantamento feito por Braz, h\u00e1 8 tipos de carregadores em uso no mundo. &#8220;A coexist\u00eancia de diferentes plugues e tomadas pode n\u00e3o apenas desestimular a populariza\u00e7\u00e3o dos carros el\u00e9tricos \u2013 uma matriz energ\u00e9tica limpa e renov\u00e1vel \u2013 como causar transtornos para os consumidores que j\u00e1 importaram esses ve\u00edculos e correm o risco de ver reduzida a autonomia de seus carros, seja nos grandes centros urbanos, seja em viagens de longa dist\u00e2ncia&#8221;, argumenta o deputado.<\/p>\n<p>Confira a <a href=\"https:\/\/www.camara.leg.br\/evento-legislativo\/70433\">lista dos convidados<\/a> da audi\u00eancia, que est\u00e1 marcada para as 9h30 no plen\u00e1rio 8.<\/p>","protected":false},"excerpt":{"rendered":"<p>Mario Agra\/C\u00e2mara dos Deputados Jorge Braz \u00e9 o autor do requerimento para a realiza\u00e7\u00e3o da audi\u00eancia A Comiss\u00e3o de Defesa do Consumidor da C\u00e2mara dos Deputados vai realizar audi\u00eancia p\u00fablica na quarta-feira (25) para debater a padroniza\u00e7\u00e3o das conex\u00f5es de recarga de ve\u00edculos el\u00e9tricos no Brasil. O vice-presidente da Rep\u00fablica, Geraldo Alckmin, que tamb\u00e9m \u00e9 [&hellip;]<\/p>\n","protected":false},"author":0,"featured_media":0,"comment_status":"open","ping_status":"open","sticky":false,"template":"","format":"standard","meta":{"footnotes":""},"categories":[1],"tags":[],"_links":{"self":[{"href":"https:\/\/jeffersonisac.adv.br\/index.php\/wp-json\/wp\/v2\/posts\/3062"}],"collection":[{"href":"https:\/\/jeffersonisac.adv.br\/index.php\/wp-json\/wp\/v2\/posts"}],"about":[{"href":"https:\/\/jeffersonisac.adv.br\/index.php\/wp-json\/wp\/v2\/types\/post"}],"replies":[{"embeddable":true,"href":"https:\/\/jeffersonisac.adv.br\/index.php\/wp-json\/wp\/v2\/comments?post=3062"}],"version-history":[{"count":0,"href":"https:\/\/jeffersonisac.adv.br\/index.php\/wp-json\/wp\/v2\/posts\/3062\/revisions"}],"wp:attachment":[{"href":"https:\/\/jeffersonisac.adv.br\/index.php\/wp-json\/wp\/v2\/media?parent=3062"}],"wp:term":[{"taxonomy":"category","embeddable":true,"href":"https:\/\/jeffersonisac.adv.br\/index.php\/wp-json\/wp\/v2\/categories?post=3062"},{"taxonomy":"post_tag","embeddable":true,"href":"https:\/\/jeffersonisac.adv.br\/index.php\/wp-json\/wp\/v2\/tags?post=3062"}],"curies":[{"name":"wp","href":"https:\/\/api.w.org\/{rel}","templated":true}]}}