{"id":3068,"date":"2023-10-20T14:24:44","date_gmt":"2023-10-20T17:24:44","guid":{"rendered":"https:\/\/jeffersonisac.adv.br\/index.php\/2023\/10\/20\/comissao-do-esporte-discute-saude-mental-de-atletas-de-alto-rendimento\/"},"modified":"2023-10-20T14:24:44","modified_gmt":"2023-10-20T17:24:44","slug":"comissao-do-esporte-discute-saude-mental-de-atletas-de-alto-rendimento","status":"publish","type":"post","link":"https:\/\/jeffersonisac.adv.br\/index.php\/2023\/10\/20\/comissao-do-esporte-discute-saude-mental-de-atletas-de-alto-rendimento\/","title":{"rendered":"Comiss\u00e3o do Esporte discute sa\u00fade mental de atletas de alto rendimento"},"content":{"rendered":"<div class=\"image-container\">\n<div class=\"midia-creditos\"><em>Depositphotos<\/em><\/div>\n<div class=\"media-wrapper\"><\/div>\n<div class=\"midia-legenda\">Atletas s\u00e3o submetidos a cargas exaustivas de treinamento<\/div>\n<\/div>\n<p>A Comiss\u00e3o do Esporte da C\u00e2mara dos Deputados promove debate na quarta-feira (25) sobre a sa\u00fade mental dos atletas de alto rendimento. A reuni\u00e3o ocorrer\u00e1 no plen\u00e1rio 4, \u00e0s 15 horas.<\/p>\n<p><a href=\"https:\/\/www.camara.leg.br\/evento-legislativo\/70519\">Confira a pauta e a lista de convidados da audi\u00eancia p\u00fablica<\/a><\/p>\n<p>O deputado Luiz Lima (PL-RJ), que prop\u00f4s a discuss\u00e3o, afirma que os esportistas de alto rendimento s\u00e3o submetidos a situa\u00e7\u00f5es lim\u00edtrofes de estresse, o que pode aumentar o risco de dist\u00farbios, como depress\u00e3o, ansiedade e burnout.<\/p>\n<p>&#8220;Os atletas passam longos per\u00edodos longe da fam\u00edlia e convivem com restri\u00e7\u00f5es alimentares, altas cargas de treinamento e press\u00e3o constante por resultados&#8221;, acrescenta.<\/p>\n<p>O parlamentar, que \u00e9 ex-nadador ol\u00edmpico, diz ainda que as entidades esportivas e a comunidade do esporte precisam estar cada vez mais atentas \u00e0 sa\u00fade mental dos atletas. &#8220;Treinadores, equipes e dirigentes desempenham um papel crucial na cria\u00e7\u00e3o de um ambiente de apoio e compreens\u00e3o, sem estigmas e tabus, na busca por ajuda e tratamento&#8221;, comenta.<\/p>","protected":false},"excerpt":{"rendered":"<p>Depositphotos Atletas s\u00e3o submetidos a cargas exaustivas de treinamento A Comiss\u00e3o do Esporte da C\u00e2mara dos Deputados promove debate na quarta-feira (25) sobre a sa\u00fade mental dos atletas de alto rendimento. A reuni\u00e3o ocorrer\u00e1 no plen\u00e1rio 4, \u00e0s 15 horas. Confira a pauta e a lista de convidados da audi\u00eancia p\u00fablica O deputado Luiz Lima [&hellip;]<\/p>\n","protected":false},"author":0,"featured_media":0,"comment_status":"open","ping_status":"open","sticky":false,"template":"","format":"standard","meta":{"footnotes":""},"categories":[1],"tags":[],"_links":{"self":[{"href":"https:\/\/jeffersonisac.adv.br\/index.php\/wp-json\/wp\/v2\/posts\/3068"}],"collection":[{"href":"https:\/\/jeffersonisac.adv.br\/index.php\/wp-json\/wp\/v2\/posts"}],"about":[{"href":"https:\/\/jeffersonisac.adv.br\/index.php\/wp-json\/wp\/v2\/types\/post"}],"replies":[{"embeddable":true,"href":"https:\/\/jeffersonisac.adv.br\/index.php\/wp-json\/wp\/v2\/comments?post=3068"}],"version-history":[{"count":0,"href":"https:\/\/jeffersonisac.adv.br\/index.php\/wp-json\/wp\/v2\/posts\/3068\/revisions"}],"wp:attachment":[{"href":"https:\/\/jeffersonisac.adv.br\/index.php\/wp-json\/wp\/v2\/media?parent=3068"}],"wp:term":[{"taxonomy":"category","embeddable":true,"href":"https:\/\/jeffersonisac.adv.br\/index.php\/wp-json\/wp\/v2\/categories?post=3068"},{"taxonomy":"post_tag","embeddable":true,"href":"https:\/\/jeffersonisac.adv.br\/index.php\/wp-json\/wp\/v2\/tags?post=3068"}],"curies":[{"name":"wp","href":"https:\/\/api.w.org\/{rel}","templated":true}]}}