{"id":3070,"date":"2023-10-20T15:27:31","date_gmt":"2023-10-20T18:27:31","guid":{"rendered":"https:\/\/jeffersonisac.adv.br\/index.php\/2023\/10\/20\/comissao-aprova-projeto-que-preve-aplicacao-rapida-de-medidas-protetivas-de-natureza-civel-para-a-mulher\/"},"modified":"2023-10-20T15:27:31","modified_gmt":"2023-10-20T18:27:31","slug":"comissao-aprova-projeto-que-preve-aplicacao-rapida-de-medidas-protetivas-de-natureza-civel-para-a-mulher","status":"publish","type":"post","link":"https:\/\/jeffersonisac.adv.br\/index.php\/2023\/10\/20\/comissao-aprova-projeto-que-preve-aplicacao-rapida-de-medidas-protetivas-de-natureza-civel-para-a-mulher\/","title":{"rendered":"Comiss\u00e3o aprova projeto que prev\u00ea aplica\u00e7\u00e3o r\u00e1pida de medidas protetivas de natureza c\u00edvel para a mulher"},"content":{"rendered":"<div class=\"image-container\">\n<div class=\"midia-creditos\"><em>Vinicius Loures\/C\u00e2mara dos Deputados<\/em><\/div>\n<div class=\"media-wrapper\"><\/div>\n<div class=\"midia-legenda\">Laura Carneiro apresentou parecer favor\u00e1vel<\/div>\n<\/div>\n<p>A Comiss\u00e3o de Defesa dos Direitos da Mulher da C\u00e2mara dos Deputados aprovou o <a class=\"linkProposicao\" href=\"https:\/\/www.camara.leg.br\/noticias\/1009227-proposta-preve-aplicacao-rapida-de-medidas-protetivas-de-natureza-civel-para-a-mulher\">Projeto de Lei 5609\/19<\/a>, do Senado, que procura tornar mais r\u00e1pidas as a\u00e7\u00f5es judiciais de natureza c\u00edvel para prote\u00e7\u00e3o da mulher v\u00edtima de viol\u00eancia.<\/p>\n<p>A relatora, deputada Laura Carneiro (PSD-RJ), recomendou a aprova\u00e7\u00e3o. \u201cCabe salientar que o acr\u00e9scimo de recursos dispon\u00edveis para a prote\u00e7\u00e3o da v\u00edtima em situa\u00e7\u00e3o de perigo n\u00e3o implica prejulgar o acusado\u201d, explicou a relatora.<\/p>\n<p>A proposta altera a Lei Maria da Penha (11.340\/06). Com isso, medidas protetivas de urg\u00eancia de natureza c\u00edvel, inclusive as de presta\u00e7\u00e3o de alimentos, ser\u00e3o t\u00edtulo executivo judicial de pleno direito e dispensar\u00e3o a a\u00e7\u00e3o principal.<\/p>\n<p>Segundo o ex-senador Fernando Bezerra Coelho (PE), autor da proposta, o ajuste na norma \u00e9 necess\u00e1rio para que o juiz possa aplicar a lei processual vigente e adotar as provid\u00eancias necess\u00e1rias, garantindo a efic\u00e1cia das medidas protetivas.<\/p>\n<p><strong>Tramita\u00e7\u00e3o<\/strong><br \/>\nO projeto tramita em <span class=\"termoGlossario\">car\u00e1ter conclusivo<\/span> e ainda ser\u00e1 analisado pela Comiss\u00e3o de Constitui\u00e7\u00e3o e Justi\u00e7a e de Cidadania.<\/p>\n<p>\u00a0<\/p>\n<div><\/div>\n<p>\u00a0<\/p>","protected":false},"excerpt":{"rendered":"<p>Vinicius Loures\/C\u00e2mara dos Deputados Laura Carneiro apresentou parecer favor\u00e1vel A Comiss\u00e3o de Defesa dos Direitos da Mulher da C\u00e2mara dos Deputados aprovou o Projeto de Lei 5609\/19, do Senado, que procura tornar mais r\u00e1pidas as a\u00e7\u00f5es judiciais de natureza c\u00edvel para prote\u00e7\u00e3o da mulher v\u00edtima de viol\u00eancia. A relatora, deputada Laura Carneiro (PSD-RJ), recomendou a [&hellip;]<\/p>\n","protected":false},"author":0,"featured_media":0,"comment_status":"open","ping_status":"open","sticky":false,"template":"","format":"standard","meta":{"footnotes":""},"categories":[1],"tags":[],"_links":{"self":[{"href":"https:\/\/jeffersonisac.adv.br\/index.php\/wp-json\/wp\/v2\/posts\/3070"}],"collection":[{"href":"https:\/\/jeffersonisac.adv.br\/index.php\/wp-json\/wp\/v2\/posts"}],"about":[{"href":"https:\/\/jeffersonisac.adv.br\/index.php\/wp-json\/wp\/v2\/types\/post"}],"replies":[{"embeddable":true,"href":"https:\/\/jeffersonisac.adv.br\/index.php\/wp-json\/wp\/v2\/comments?post=3070"}],"version-history":[{"count":0,"href":"https:\/\/jeffersonisac.adv.br\/index.php\/wp-json\/wp\/v2\/posts\/3070\/revisions"}],"wp:attachment":[{"href":"https:\/\/jeffersonisac.adv.br\/index.php\/wp-json\/wp\/v2\/media?parent=3070"}],"wp:term":[{"taxonomy":"category","embeddable":true,"href":"https:\/\/jeffersonisac.adv.br\/index.php\/wp-json\/wp\/v2\/categories?post=3070"},{"taxonomy":"post_tag","embeddable":true,"href":"https:\/\/jeffersonisac.adv.br\/index.php\/wp-json\/wp\/v2\/tags?post=3070"}],"curies":[{"name":"wp","href":"https:\/\/api.w.org\/{rel}","templated":true}]}}