{"id":3076,"date":"2023-10-23T08:59:56","date_gmt":"2023-10-23T11:59:56","guid":{"rendered":"https:\/\/jeffersonisac.adv.br\/index.php\/2023\/10\/23\/comissao-vai-debater-abordagem-de-infancias-e-adolescencias-invisibilizadas-no-plano-nacional-de-educacao\/"},"modified":"2023-10-23T08:59:56","modified_gmt":"2023-10-23T11:59:56","slug":"comissao-vai-debater-abordagem-de-infancias-e-adolescencias-invisibilizadas-no-plano-nacional-de-educacao","status":"publish","type":"post","link":"https:\/\/jeffersonisac.adv.br\/index.php\/2023\/10\/23\/comissao-vai-debater-abordagem-de-infancias-e-adolescencias-invisibilizadas-no-plano-nacional-de-educacao\/","title":{"rendered":"Comiss\u00e3o vai debater abordagem de &#8220;inf\u00e2ncias e adolesc\u00eancias invisibilizadas&#8221; no Plano Nacional de Educa\u00e7\u00e3o"},"content":{"rendered":"<div class=\"image-container\">\n<div class=\"midia-creditos\"><em>Renato Araujo\/C\u00e2mara dos Deputados<\/em><\/div>\n<div class=\"media-wrapper\"><\/div>\n<div class=\"midia-legenda\">Luizianne Lins \u00e9 a autora do requerimento para a realiza\u00e7\u00e3o da audi\u00eancia<\/div>\n<\/div>\n<p>A Comiss\u00e3o de Direitos Humanos da C\u00e2mara dos Deputados vai realizar audi\u00eancia p\u00fablica na quarta-feira (25) para debater a abordagem que as &#8220;inf\u00e2ncias e adolesc\u00eancias invisibilizadas&#8221; dever\u00e3o receber no Plano Nacional de Educa\u00e7\u00e3o (PNE) para os pr\u00f3ximos 10 anos.<\/p>\n<p>Confira a <a href=\"https:\/\/www.camara.leg.br\/evento-legislativo\/70639\">lista de convidados<\/a> da reuni\u00e3o, que est\u00e1 marcada para as 14 horas no plen\u00e1rio 9.<\/p>\n<p>A autora do requerimento para a realiza\u00e7\u00e3o da audi\u00eancia \u00e9 a deputada Luizianne Lins (PT-CE). &#8220;O Brasil \u00e9 marcado por profundas e complexas desigualdades que se sobrep\u00f5em, exigindo que pol\u00edticas p\u00fablicas efetivas levem em considera\u00e7\u00e3o os desafios espec\u00edficos e concretos enfrentados por grupos politicamente minorizados&#8221;, justificou.<\/p>\n<p><strong>Articula\u00e7\u00e3o<br \/>\n<\/strong>A deputada lembra que diversas entidades ligadas aos direitos humanos de crian\u00e7as e adolescentes se articularam para cobrar o atendimento da popula\u00e7\u00e3o mais vulner\u00e1vel.<\/p>\n<p>&#8220;A partir dessa articula\u00e7\u00e3o, foram produzidos nove cadernos, com recortes de ra\u00e7a, g\u00eanero, territ\u00f3rio, condi\u00e7\u00f5es socioecon\u00f4micas, educa\u00e7\u00e3o e ao trabalho infantil, visando a preven\u00e7\u00e3o e o combate \u00e0 viola\u00e7\u00e3o de direitos, especialmente de crian\u00e7as e adolescentes que fazem parte de segmentos historicamente marginalizados e que se tornam invis\u00edveis ao Estado brasileiro&#8221;, concluiu.<\/p>\n<p>O PNE atual encerra sua vig\u00eancia no ano que vem. Confira <a href=\"https:\/\/www12.senado.leg.br\/noticias\/infomaterias\/2023\/02\/plano-nacional-de-educacao-entra-na-reta-final-sem-cumprir-maioria-das-metas\">reportagem do Senado<\/a> sobre a execu\u00e7\u00e3o de suas metas.<\/p>","protected":false},"excerpt":{"rendered":"<p>Renato Araujo\/C\u00e2mara dos Deputados Luizianne Lins \u00e9 a autora do requerimento para a realiza\u00e7\u00e3o da audi\u00eancia A Comiss\u00e3o de Direitos Humanos da C\u00e2mara dos Deputados vai realizar audi\u00eancia p\u00fablica na quarta-feira (25) para debater a abordagem que as &#8220;inf\u00e2ncias e adolesc\u00eancias invisibilizadas&#8221; dever\u00e3o receber no Plano Nacional de Educa\u00e7\u00e3o (PNE) para os pr\u00f3ximos 10 anos. [&hellip;]<\/p>\n","protected":false},"author":0,"featured_media":0,"comment_status":"open","ping_status":"open","sticky":false,"template":"","format":"standard","meta":{"footnotes":""},"categories":[1],"tags":[],"_links":{"self":[{"href":"https:\/\/jeffersonisac.adv.br\/index.php\/wp-json\/wp\/v2\/posts\/3076"}],"collection":[{"href":"https:\/\/jeffersonisac.adv.br\/index.php\/wp-json\/wp\/v2\/posts"}],"about":[{"href":"https:\/\/jeffersonisac.adv.br\/index.php\/wp-json\/wp\/v2\/types\/post"}],"replies":[{"embeddable":true,"href":"https:\/\/jeffersonisac.adv.br\/index.php\/wp-json\/wp\/v2\/comments?post=3076"}],"version-history":[{"count":0,"href":"https:\/\/jeffersonisac.adv.br\/index.php\/wp-json\/wp\/v2\/posts\/3076\/revisions"}],"wp:attachment":[{"href":"https:\/\/jeffersonisac.adv.br\/index.php\/wp-json\/wp\/v2\/media?parent=3076"}],"wp:term":[{"taxonomy":"category","embeddable":true,"href":"https:\/\/jeffersonisac.adv.br\/index.php\/wp-json\/wp\/v2\/categories?post=3076"},{"taxonomy":"post_tag","embeddable":true,"href":"https:\/\/jeffersonisac.adv.br\/index.php\/wp-json\/wp\/v2\/tags?post=3076"}],"curies":[{"name":"wp","href":"https:\/\/api.w.org\/{rel}","templated":true}]}}