{"id":3077,"date":"2023-10-23T08:59:57","date_gmt":"2023-10-23T11:59:57","guid":{"rendered":"https:\/\/jeffersonisac.adv.br\/index.php\/2023\/10\/23\/comissao-de-comunicacao-vai-debater-legislacao-de-direitos-autorais\/"},"modified":"2023-10-23T08:59:57","modified_gmt":"2023-10-23T11:59:57","slug":"comissao-de-comunicacao-vai-debater-legislacao-de-direitos-autorais","status":"publish","type":"post","link":"https:\/\/jeffersonisac.adv.br\/index.php\/2023\/10\/23\/comissao-de-comunicacao-vai-debater-legislacao-de-direitos-autorais\/","title":{"rendered":"Comiss\u00e3o de Comunica\u00e7\u00e3o vai debater legisla\u00e7\u00e3o de direitos autorais"},"content":{"rendered":"<div class=\"image-container\">\n<div class=\"midia-creditos\"><em>Cleia Viana \/ C\u00e2mara dos Deputados<\/em><\/div>\n<div class=\"media-wrapper\"><\/div>\n<div class=\"midia-legenda\">Fred Linhares \u00e9 o autor do requerimento para a realiza\u00e7\u00e3o da audi\u00eancia<\/div>\n<\/div>\n<p>A Comiss\u00e3o de Comunica\u00e7\u00e3o da C\u00e2mara dos Deputados vai realizar audi\u00eancia p\u00fablica na quarta-feira (25) para debater a atualiza\u00e7\u00e3o da legisla\u00e7\u00e3o relativa aos direitos autorais.<\/p>\n<p>Confira a<a href=\"https:\/\/www.camara.leg.br\/evento-legislativo\/70287\"> lista de convidados<\/a> para a reuni\u00e3o, marcada para as 15 horas no plen\u00e1rio 11.<\/p>\n<p>O autor do requerimento para a realiza\u00e7\u00e3o da audi\u00eancia \u00e9 o deputado Fred Linhares (Republicanos-DF). Ele \u00e9 o relator do <a class=\"linkProposicao\" href=\"https:\/\/www.camara.leg.br\/noticias\/559958-projeto-regulamenta-publicacao-de-obras-na-internet-sem-autorizacao-do-autor\">Projeto de Lei 2370\/19<\/a>, da deputada Jandira Feghali (PCdoB-RJ), que trata do assunto e tramita na comiss\u00e3o.<\/p>\n<p>&#8220;O debate sobre o projeto de lei \u00e9 necess\u00e1rio porque ele afeta diretamente os interesses de diferentes grupos da sociedade brasileira. Por um lado, h\u00e1 os titulares de direitos autorais, que defendem a prote\u00e7\u00e3o de suas obras e a remunera\u00e7\u00e3o justa pelo seu uso. Por outro, h\u00e1 os usu\u00e1rios, que buscam o acesso \u00e0s obras sem restri\u00e7\u00f5es excessivas e a um pre\u00e7o justo. H\u00e1 tamb\u00e9m os produtores culturais, que precisam de um ambiente jur\u00eddico claro e seguro para poderem investir em novas cria\u00e7\u00f5es&#8221;, argumentou o deputado.<\/p>","protected":false},"excerpt":{"rendered":"<p>Cleia Viana \/ C\u00e2mara dos Deputados Fred Linhares \u00e9 o autor do requerimento para a realiza\u00e7\u00e3o da audi\u00eancia A Comiss\u00e3o de Comunica\u00e7\u00e3o da C\u00e2mara dos Deputados vai realizar audi\u00eancia p\u00fablica na quarta-feira (25) para debater a atualiza\u00e7\u00e3o da legisla\u00e7\u00e3o relativa aos direitos autorais. Confira a lista de convidados para a reuni\u00e3o, marcada para as 15 [&hellip;]<\/p>\n","protected":false},"author":0,"featured_media":0,"comment_status":"open","ping_status":"open","sticky":false,"template":"","format":"standard","meta":{"footnotes":""},"categories":[1],"tags":[],"_links":{"self":[{"href":"https:\/\/jeffersonisac.adv.br\/index.php\/wp-json\/wp\/v2\/posts\/3077"}],"collection":[{"href":"https:\/\/jeffersonisac.adv.br\/index.php\/wp-json\/wp\/v2\/posts"}],"about":[{"href":"https:\/\/jeffersonisac.adv.br\/index.php\/wp-json\/wp\/v2\/types\/post"}],"replies":[{"embeddable":true,"href":"https:\/\/jeffersonisac.adv.br\/index.php\/wp-json\/wp\/v2\/comments?post=3077"}],"version-history":[{"count":0,"href":"https:\/\/jeffersonisac.adv.br\/index.php\/wp-json\/wp\/v2\/posts\/3077\/revisions"}],"wp:attachment":[{"href":"https:\/\/jeffersonisac.adv.br\/index.php\/wp-json\/wp\/v2\/media?parent=3077"}],"wp:term":[{"taxonomy":"category","embeddable":true,"href":"https:\/\/jeffersonisac.adv.br\/index.php\/wp-json\/wp\/v2\/categories?post=3077"},{"taxonomy":"post_tag","embeddable":true,"href":"https:\/\/jeffersonisac.adv.br\/index.php\/wp-json\/wp\/v2\/tags?post=3077"}],"curies":[{"name":"wp","href":"https:\/\/api.w.org\/{rel}","templated":true}]}}