{"id":3080,"date":"2023-10-23T12:57:20","date_gmt":"2023-10-23T15:57:20","guid":{"rendered":"https:\/\/jeffersonisac.adv.br\/index.php\/2023\/10\/23\/nova-lei-sobre-terras-indigenas-e-sancionada-com-veto-ao-marco-temporal\/"},"modified":"2023-10-23T12:57:20","modified_gmt":"2023-10-23T15:57:20","slug":"nova-lei-sobre-terras-indigenas-e-sancionada-com-veto-ao-marco-temporal","status":"publish","type":"post","link":"https:\/\/jeffersonisac.adv.br\/index.php\/2023\/10\/23\/nova-lei-sobre-terras-indigenas-e-sancionada-com-veto-ao-marco-temporal\/","title":{"rendered":"Nova lei sobre terras ind\u00edgenas \u00e9 sancionada com veto ao marco temporal"},"content":{"rendered":"<div class=\"image-container\">\n<div class=\"midia-creditos\"><em>Depositphotos<\/em><\/div>\n<div class=\"media-wrapper\"><\/div>\n<div class=\"midia-legenda\">Vetos decorreram de decis\u00e3o do STF sobre inconstitucionalidade do marco temporal<\/div>\n<\/div>\n<p>O presidente Luiz In\u00e1cio Lula da Silva sancionou com <span class=\"termoGlossario\">vetos<\/span> a <a class=\"linkLegislacao\" href=\"https:\/\/www2.camara.gov.br\/legin\/fed\/lei\/2023\/lei-14701-20-outubro-2023-794847-norma-pl.html\">Lei 14.701\/23<\/a>, que trata do reconhecimento, da demarca\u00e7\u00e3o, do uso e da gest\u00e3o de terras ind\u00edgenas. Uma edi\u00e7\u00e3o extra do Di\u00e1rio Oficial da Uni\u00e3o veiculou o texto na sexta-feira (21).<\/p>\n<p>Pela norma sancionada ser\u00e3o terras ind\u00edgenas:<br \/>\n&#8211; as \u00e1reas tradicionalmente ocupadas nos termos da Constitui\u00e7\u00e3o Federal;<br \/>\n&#8211; as \u00e1reas reservadas, consideradas as destinadas pela Uni\u00e3o por outras formas; e<br \/>\n&#8211; as \u00e1reas adquiridas, por meio de opera\u00e7\u00f5es de compra e venda ou de doa\u00e7\u00e3o.<\/p>\n<p>Nas redes sociais, o presidente disse que os vetos foram necess\u00e1rios em raz\u00e3o da <a href=\"https:\/\/www.camara.leg.br\/noticias\/1000636-DECISAO-DO-STF-QUE-DERRUBOU-MARCO-TEMPORAL-DAS-TERRAS-INDIGENAS-GERA-REPERCUSSAO-NA-CAMARA\">decis\u00e3o do Supremo Tribunal Federal (STF) que considerou inconstitucional a tese do marco temporal das terras ind\u00edgenas<\/a>.<\/p>\n<p>A tese do marco temporal estabelecia que a demarca\u00e7\u00e3o dos territ\u00f3rios ind\u00edgenas deveria respeitar apenas a \u00e1rea ocupada pelos povos origin\u00e1rios at\u00e9 a data da promulga\u00e7\u00e3o da Constitui\u00e7\u00e3o Federal, em 5 de outubro de 1988.<\/p>\n<p>\u201cVetei v\u00e1rios artigos, de acordo com a decis\u00e3o do Supremo. Vamos dialogar e seguir trabalhando para que tenhamos, como temos hoje, seguran\u00e7a jur\u00eddica e tamb\u00e9m para termos respeito aos direitos dos povos origin\u00e1rios\u201d, disse Lula.<\/p>\n<p><strong>Novas defini\u00e7\u00f5es<\/strong><br \/>\nA <a class=\"linkLegislacao\" href=\"https:\/\/www2.camara.gov.br\/legin\/fed\/lei\/2023\/lei-14701-20-outubro-2023-794847-norma-pl.html\">Lei 14.701\/23<\/a> \u00e9 oriunda de uma iniciativa da C\u00e2mara dos Deputados (Projeto de Lei 490\/07) <a href=\"https:\/\/www.camara.leg.br\/noticias\/967344-CAMARA-APROVA-PROJETO-DO-MARCO-TEMPORAL-PARA-DEMARCACAO-DAS-TERRAS-INDIGENAS\">aprovada em maio \u00faltimo com v\u00e1rias altera\u00e7\u00f5es<\/a>. No Senado, a proposta, com nova numera\u00e7\u00e3o (PL 2903\/23), foi aprovada em setembro.<\/p>\n<p>O texto aprovado do Congresso Nacional se apoiava na tese do marco temporal. Al\u00e9m disso, entre outros pontos, permitia a explora\u00e7\u00e3o econ\u00f4mica das terras ind\u00edgenas, inclusive em coopera\u00e7\u00e3o ou com contrata\u00e7\u00e3o de n\u00e3o ind\u00edgenas.<\/p>\n<p>Esses dois t\u00f3picos foram vetados, pois a decis\u00e3o do presidente Lula eliminou da nova lei cerca de um ter\u00e7o da vers\u00e3o do Congresso, informou a Advocacia-Geral da Uni\u00e3o (AGU). Apenas 9 dos 33 artigos foram mantidos na \u00edntegra.<\/p>\n<p>Todos os vetos ainda ser\u00e3o analisados pelo Congresso Nacional, em data a definir. Para que um veto presidencial seja derrubado, \u00e9 necess\u00e1ria a maioria absoluta dos votos de deputados (257) e senadores (41), computados separadamente.<\/p>","protected":false},"excerpt":{"rendered":"<p>Depositphotos Vetos decorreram de decis\u00e3o do STF sobre inconstitucionalidade do marco temporal O presidente Luiz In\u00e1cio Lula da Silva sancionou com vetos a Lei 14.701\/23, que trata do reconhecimento, da demarca\u00e7\u00e3o, do uso e da gest\u00e3o de terras ind\u00edgenas. Uma edi\u00e7\u00e3o extra do Di\u00e1rio Oficial da Uni\u00e3o veiculou o texto na sexta-feira (21). Pela norma [&hellip;]<\/p>\n","protected":false},"author":0,"featured_media":0,"comment_status":"open","ping_status":"open","sticky":false,"template":"","format":"standard","meta":{"footnotes":""},"categories":[1],"tags":[],"_links":{"self":[{"href":"https:\/\/jeffersonisac.adv.br\/index.php\/wp-json\/wp\/v2\/posts\/3080"}],"collection":[{"href":"https:\/\/jeffersonisac.adv.br\/index.php\/wp-json\/wp\/v2\/posts"}],"about":[{"href":"https:\/\/jeffersonisac.adv.br\/index.php\/wp-json\/wp\/v2\/types\/post"}],"replies":[{"embeddable":true,"href":"https:\/\/jeffersonisac.adv.br\/index.php\/wp-json\/wp\/v2\/comments?post=3080"}],"version-history":[{"count":0,"href":"https:\/\/jeffersonisac.adv.br\/index.php\/wp-json\/wp\/v2\/posts\/3080\/revisions"}],"wp:attachment":[{"href":"https:\/\/jeffersonisac.adv.br\/index.php\/wp-json\/wp\/v2\/media?parent=3080"}],"wp:term":[{"taxonomy":"category","embeddable":true,"href":"https:\/\/jeffersonisac.adv.br\/index.php\/wp-json\/wp\/v2\/categories?post=3080"},{"taxonomy":"post_tag","embeddable":true,"href":"https:\/\/jeffersonisac.adv.br\/index.php\/wp-json\/wp\/v2\/tags?post=3080"}],"curies":[{"name":"wp","href":"https:\/\/api.w.org\/{rel}","templated":true}]}}