{"id":3101,"date":"2023-10-24T09:32:31","date_gmt":"2023-10-24T12:32:31","guid":{"rendered":"https:\/\/jeffersonisac.adv.br\/index.php\/2023\/10\/24\/comissao-vai-debater-jornada-de-trabalho-em-hospital-do-rio-grande-do-sul\/"},"modified":"2023-10-24T09:32:31","modified_gmt":"2023-10-24T12:32:31","slug":"comissao-vai-debater-jornada-de-trabalho-em-hospital-do-rio-grande-do-sul","status":"publish","type":"post","link":"https:\/\/jeffersonisac.adv.br\/index.php\/2023\/10\/24\/comissao-vai-debater-jornada-de-trabalho-em-hospital-do-rio-grande-do-sul\/","title":{"rendered":"Comiss\u00e3o vai debater jornada de trabalho em hospital do Rio Grande do Sul"},"content":{"rendered":"<div class=\"image-container\">\n<div class=\"midia-creditos\"><em>Gilmar F\u00e9lix \/ C\u00e2mara dos Deputados<\/em><\/div>\n<div class=\"media-wrapper\"><\/div>\n<div class=\"midia-legenda\">Fernanda Melchionna \u00e9 a autora do requerimento para a realiza\u00e7\u00e3o da audi\u00eancia<\/div>\n<\/div>\n<p>A Comiss\u00e3o de Administra\u00e7\u00e3o e Servi\u00e7o P\u00fablico da C\u00e2mara dos Deputados vai realizar audi\u00eancia p\u00fablica nesta quinta-feira (26) para debater a carga hor\u00e1ria dos trabalhadores do setor de higieniza\u00e7\u00e3o do Grupo Hospitalar Concei\u00e7\u00e3o, no Rio Grande do Sul.<\/p>\n<p><a href=\"https:\/\/www.camara.leg.br\/evento-legislativo\/70513\">Confira a lista de convidados da reuni\u00e3o<\/a>, marcada para as 16 horas no plen\u00e1rio 8.<\/p>\n<p>A autora do requerimento para a realiza\u00e7\u00e3o da audi\u00eancia \u00e9 a deputada Fernanda Melchionna (Psol-RS). Segundo ela, essa categoria profissional \u00e9 a \u00fanica do complexo hospitalar que trabalha 220 horas mensais, resultando na m\u00e9dia de 55 horas por semana, enquanto o restante da equipe trabalha em jornadas de 44 horas semanais.<\/p>\n<p>&#8220;Essa jornada extremamente exaustiva traz riscos concretos tanto para a sa\u00fade e seguran\u00e7a dos trabalhadores quanto dos pacientes atendidos nas unidades&#8221;, alertou.<\/p>\n<p>A deputada destaca que a higieniza\u00e7\u00e3o \u00e9 um processo b\u00e1sico e fundamental para a garantia de condi\u00e7\u00f5es adequadas em unidades de sa\u00fade, especialmente em um contexto como o da pandemia da Covid-19. No entanto, ela considera que uma jornada t\u00e3o extensa deixam os trabalhadores do setor mais vulner\u00e1veis, aumentando o risco de cometimento de erros.<\/p>","protected":false},"excerpt":{"rendered":"<p>Gilmar F\u00e9lix \/ C\u00e2mara dos Deputados Fernanda Melchionna \u00e9 a autora do requerimento para a realiza\u00e7\u00e3o da audi\u00eancia A Comiss\u00e3o de Administra\u00e7\u00e3o e Servi\u00e7o P\u00fablico da C\u00e2mara dos Deputados vai realizar audi\u00eancia p\u00fablica nesta quinta-feira (26) para debater a carga hor\u00e1ria dos trabalhadores do setor de higieniza\u00e7\u00e3o do Grupo Hospitalar Concei\u00e7\u00e3o, no Rio Grande do [&hellip;]<\/p>\n","protected":false},"author":0,"featured_media":0,"comment_status":"open","ping_status":"open","sticky":false,"template":"","format":"standard","meta":{"footnotes":""},"categories":[1],"tags":[],"_links":{"self":[{"href":"https:\/\/jeffersonisac.adv.br\/index.php\/wp-json\/wp\/v2\/posts\/3101"}],"collection":[{"href":"https:\/\/jeffersonisac.adv.br\/index.php\/wp-json\/wp\/v2\/posts"}],"about":[{"href":"https:\/\/jeffersonisac.adv.br\/index.php\/wp-json\/wp\/v2\/types\/post"}],"replies":[{"embeddable":true,"href":"https:\/\/jeffersonisac.adv.br\/index.php\/wp-json\/wp\/v2\/comments?post=3101"}],"version-history":[{"count":0,"href":"https:\/\/jeffersonisac.adv.br\/index.php\/wp-json\/wp\/v2\/posts\/3101\/revisions"}],"wp:attachment":[{"href":"https:\/\/jeffersonisac.adv.br\/index.php\/wp-json\/wp\/v2\/media?parent=3101"}],"wp:term":[{"taxonomy":"category","embeddable":true,"href":"https:\/\/jeffersonisac.adv.br\/index.php\/wp-json\/wp\/v2\/categories?post=3101"},{"taxonomy":"post_tag","embeddable":true,"href":"https:\/\/jeffersonisac.adv.br\/index.php\/wp-json\/wp\/v2\/tags?post=3101"}],"curies":[{"name":"wp","href":"https:\/\/api.w.org\/{rel}","templated":true}]}}