{"id":3112,"date":"2023-10-24T16:07:37","date_gmt":"2023-10-24T19:07:37","guid":{"rendered":"https:\/\/jeffersonisac.adv.br\/index.php\/2023\/10\/24\/projeto-obriga-plataformas-a-promoverem-campanhas-na-internet-contra-a-violencia-escolar\/"},"modified":"2023-10-24T16:07:37","modified_gmt":"2023-10-24T19:07:37","slug":"projeto-obriga-plataformas-a-promoverem-campanhas-na-internet-contra-a-violencia-escolar","status":"publish","type":"post","link":"https:\/\/jeffersonisac.adv.br\/index.php\/2023\/10\/24\/projeto-obriga-plataformas-a-promoverem-campanhas-na-internet-contra-a-violencia-escolar\/","title":{"rendered":"Projeto obriga plataformas a promoverem campanhas na internet contra a viol\u00eancia escolar"},"content":{"rendered":"<div class=\"image-container\">\n<div class=\"midia-creditos\"><em>Marina Ramos \/ C\u00e2mara dos Deputados<\/em><\/div>\n<div class=\"media-wrapper\"><\/div>\n<div class=\"midia-legenda\">O autor da proposta, deputado Pastor Gil<\/div>\n<\/div>\n<p>O Projeto de Lei 2791\/23 obriga plataformas de v\u00eddeos na internet \u2013 YouTube, TikTok e Facebook, entre outras redes sociais \u2013 a veicularem campanhas p\u00fablicas de combate \u00e0 viol\u00eancia escolar, \u00e0 viol\u00eancia dom\u00e9stica e a outras formas de viol\u00eancia, a fim de conscientizar crian\u00e7as e jovens.<\/p>\n<p>Conforme o texto em an\u00e1lise na C\u00e2mara dos Deputados, essas plataformas de v\u00eddeos dever\u00e3o garantir que as campanhas sejam veiculadas de forma gratuita e em hor\u00e1rios e formatos que atinjam o p\u00fablico-alvo. Eventuais infratores estar\u00e3o sujeitos a multa ou suspens\u00e3o, tempor\u00e1ria ou definitiva, das atividades.<\/p>\n<p>\u201cAs plataformas de v\u00eddeos t\u00eam se mostrado um dos meios de comunica\u00e7\u00e3o mais eficientes na atualidade, alcan\u00e7ando milh\u00f5es de pessoas\u201d, afirmou o autor da proposta, deputado Pastor Gil (PL-MA). Por isso, ele considera \u201cimprescind\u00edvel&#8221; aproveitar o potencial dessas m\u00eddias para veicular campanhas educacionais.<\/p>\n<p><strong>Viol\u00eancia escolar<\/strong><br \/>\nDe acordo com o estudo Raio x de 20 anos de ataques a escolas no Brasil, realizado pelo Instituto Sou da Paz, de outubro de 2002 a abril deste ano haviam sido registrados 24 ataques a col\u00e9gios no Pa\u00eds.<\/p>\n<p>A conta subiu nesta segunda-feira (23) quando um adolescente matou a tiros uma estudante e feriu outras duas na Escola Estadual Sapopemba, em S\u00e3o Paulo.<\/p>\n<p><strong>Tramita\u00e7\u00e3o<br \/>\n<\/strong>O projeto tramita em <span class=\"termoGlossario\">car\u00e1ter conclusivo<\/span> e ser\u00e1 analisado pelas comiss\u00f5es de Previd\u00eancia, Assist\u00eancia Social, Inf\u00e2ncia, Adolesc\u00eancia e Fam\u00edlia; de Comunica\u00e7\u00e3o; de Finan\u00e7as e Tributa\u00e7\u00e3o; e de Constitui\u00e7\u00e3o e Justi\u00e7a e de Cidadania.<\/p>\n<p><a href=\"https:\/\/www.camara.leg.br\/noticias\/573454-SAIBA-MAIS-SOBRE-A-TRAMITACAO-DE-PROJETOS-DE-LEI\">Saiba mais sobre a tramita\u00e7\u00e3o de projetos de lei<\/a><\/p>\n<p>\u00a0<\/p>\n<div><\/div>\n<p>\u00a0<\/p>","protected":false},"excerpt":{"rendered":"<p>Marina Ramos \/ C\u00e2mara dos Deputados O autor da proposta, deputado Pastor Gil O Projeto de Lei 2791\/23 obriga plataformas de v\u00eddeos na internet \u2013 YouTube, TikTok e Facebook, entre outras redes sociais \u2013 a veicularem campanhas p\u00fablicas de combate \u00e0 viol\u00eancia escolar, \u00e0 viol\u00eancia dom\u00e9stica e a outras formas de viol\u00eancia, a fim de [&hellip;]<\/p>\n","protected":false},"author":0,"featured_media":0,"comment_status":"open","ping_status":"open","sticky":false,"template":"","format":"standard","meta":{"footnotes":""},"categories":[1],"tags":[],"_links":{"self":[{"href":"https:\/\/jeffersonisac.adv.br\/index.php\/wp-json\/wp\/v2\/posts\/3112"}],"collection":[{"href":"https:\/\/jeffersonisac.adv.br\/index.php\/wp-json\/wp\/v2\/posts"}],"about":[{"href":"https:\/\/jeffersonisac.adv.br\/index.php\/wp-json\/wp\/v2\/types\/post"}],"replies":[{"embeddable":true,"href":"https:\/\/jeffersonisac.adv.br\/index.php\/wp-json\/wp\/v2\/comments?post=3112"}],"version-history":[{"count":0,"href":"https:\/\/jeffersonisac.adv.br\/index.php\/wp-json\/wp\/v2\/posts\/3112\/revisions"}],"wp:attachment":[{"href":"https:\/\/jeffersonisac.adv.br\/index.php\/wp-json\/wp\/v2\/media?parent=3112"}],"wp:term":[{"taxonomy":"category","embeddable":true,"href":"https:\/\/jeffersonisac.adv.br\/index.php\/wp-json\/wp\/v2\/categories?post=3112"},{"taxonomy":"post_tag","embeddable":true,"href":"https:\/\/jeffersonisac.adv.br\/index.php\/wp-json\/wp\/v2\/tags?post=3112"}],"curies":[{"name":"wp","href":"https:\/\/api.w.org\/{rel}","templated":true}]}}