{"id":3114,"date":"2023-10-24T19:52:43","date_gmt":"2023-10-24T22:52:43","guid":{"rendered":"https:\/\/jeffersonisac.adv.br\/index.php\/2023\/10\/24\/para-ambientalistas-brasil-esta-atrasado-na-mitigacao-dos-efeitos-climaticos\/"},"modified":"2023-10-24T19:52:43","modified_gmt":"2023-10-24T22:52:43","slug":"para-ambientalistas-brasil-esta-atrasado-na-mitigacao-dos-efeitos-climaticos","status":"publish","type":"post","link":"https:\/\/jeffersonisac.adv.br\/index.php\/2023\/10\/24\/para-ambientalistas-brasil-esta-atrasado-na-mitigacao-dos-efeitos-climaticos\/","title":{"rendered":"Para ambientalistas, Brasil est\u00e1 atrasado na mitiga\u00e7\u00e3o dos efeitos clim\u00e1ticos"},"content":{"rendered":"<div class=\"image-container\">\n<div class=\"midia-creditos\"><em>Renato Ara\u00fajo\/C\u00e2mara dos Deputados<\/em><\/div>\n<div class=\"media-wrapper\"><\/div>\n<div class=\"midia-legenda\">Comiss\u00e3o da Amaz\u00f4nia e dos Povos Origin\u00e1rios e Tradicionais debateu o assunto nesta ter\u00e7a<\/div>\n<\/div>\n<p>Ativistas ambientais e acad\u00eamicos reiteraram nesta ter\u00e7a-feira (24) que o Brasil est\u00e1 atrasado no combate \u00e0s mudan\u00e7as clim\u00e1ticas, uma vez que ainda se depara com entraves na prote\u00e7\u00e3o de direitos sociais e ambientais. Eles foram ouvidos na Comiss\u00e3o da Amaz\u00f4nia e dos Povos Origin\u00e1rios e Tradicionais da C\u00e2mara dos Deputados.<\/p>\n<p>Segundo eles, o Pa\u00eds deveria privilegiar a pauta interna, com o fortalecimento dos direitos dos povos tradicionais e a redu\u00e7\u00e3o do desmatamento, em vez de concentrar a aten\u00e7\u00e3o em eventos da agenda internacional clim\u00e1tica, como a COP-28, conven\u00e7\u00e3o do clima que ser\u00e1 realizada entre novembro e dezembro em Dubai (Emirados \u00c1rabes).<\/p>\n<p>Na vis\u00e3o do presidente do Instituto Brasileiro de Prote\u00e7\u00e3o Ambiental (Proam), Carlos Bocuhy, as pol\u00edticas de adapta\u00e7\u00e3o clim\u00e1tica realizadas no Pa\u00eds ainda s\u00e3o segregacionistas, uma vez que n\u00e3o privilegiam a voz de povos ind\u00edgenas nos centros de decis\u00e3o. \u201cAs popula\u00e7\u00f5es ind\u00edgenas t\u00eam de ter um n\u00edvel de participa\u00e7\u00e3o nas esferas de decis\u00e3o sobre seus territ\u00f3rios, porque elas sabem o que \u00e9 necess\u00e1rio fazer e elas est\u00e3o sentindo na pele o decr\u00e9scimo da pesca e a quest\u00e3o do calor\u201d, disse.<\/p>\n<p>Para tanto, ele defende que sejam criados comit\u00eas regionais, com a participa\u00e7\u00e3o das comunidades afetadas e do Minist\u00e9rio P\u00fablico, entre outros, onde ser\u00e3o tomadas as decis\u00f5es sobre aplica\u00e7\u00e3o de recursos.<\/p>\n<p>Isso, conforme Bouchy, evitaria os casos em que o dinheiro destinado \u00e0 pol\u00edtica ambiental seja empregado em festas e outros eventos, sem que haja fiscaliza\u00e7\u00e3o. \u201cN\u00e3o podemos deixar que os recursos sejam dirigidos aos munic\u00edpios, e com eles fique a decis\u00e3o, porque eles n\u00e3o t\u00eam aporte t\u00e9cnico e cient\u00edfico para a tomada de decis\u00e3o em rela\u00e7\u00e3o \u00e0 gest\u00e3o\u201d, refor\u00e7ou.<\/p>\n<div class=\"image-container\">\n<div class=\"midia-creditos\"><em>Renato Ara\u00fajo\/C\u00e2mara dos Deputados<\/em><\/div>\n<div class=\"media-wrapper\"><\/div>\n<div class=\"midia-legenda\">Azeredo: cen\u00e1rio atual estimula produ\u00e7\u00e3o ilegal em \u00e1reas ind\u00edgenas e de conserva\u00e7\u00e3o<\/div>\n<\/div>\n<p><strong>Rastreabilidade de produ\u00e7\u00e3o<br \/>\n<\/strong>J\u00e1 o procurador da Rep\u00fablica Daniel Azeredo apontou que o Brasil est\u00e1 atrasado na ado\u00e7\u00e3o da tecnologia de rastreabilidade de commodities. &#8220;N\u00e3o podemos ter commodities, gados, soja, gr\u00e3os produzidos na Amaz\u00f4nia e no Cerrado sem a identifica\u00e7\u00e3o completa com sua rastreabilidade desde a sua produ\u00e7\u00e3o&#8221;, frisou. Ele acrescentou que esse sistema j\u00e1 \u00e9 amplamente usado pelos produtores da Uni\u00e3o Europeia.<\/p>\n<p>O cen\u00e1rio atual no Pa\u00eds, conforme ele, estimula a produ\u00e7\u00e3o ilegal em unidades ind\u00edgenas e \u00e1reas de conserva\u00e7\u00e3o, uma vez que o custo de uso da terra \u00e9 nulo.<\/p>\n<p>A coordenadora de Enfrentamento \u00e0 Crise Clim\u00e1tica do Minist\u00e9rio dos Povos Ind\u00edgenas, Suliete Bar\u00e9, reconheceu a dificuldade de se fortalecer os alicerces para a economia verde e a preserva\u00e7\u00e3o dos ecossistemas, sobretudo diante da press\u00e3o da bancada ruralista do Congresso.<\/p>\n<p>Ainda assim, ela, que \u00e9 engenheira florestal, refor\u00e7ou que o atual governo est\u00e1 mais capacitado para alavancar a agenda ambiental. \u201cN\u00f3s temos um grande desafio pela frente, mas estamos preparados n\u00e3o s\u00f3 em rela\u00e7\u00e3o ao conhecimento tradicional, mas tamb\u00e9m ao conhecimento t\u00e9cnico e pol\u00edtico para estar ocupando esses espa\u00e7os dentro ou fora do governo em defesa dos povos tradicionais\u201d, refor\u00e7ou.<\/p>\n<div class=\"image-container\">\n<div class=\"midia-creditos\"><em>Renato Ara\u00fajo\/C\u00e2mara dos Deputados<\/em><\/div>\n<div class=\"media-wrapper\"><\/div>\n<div class=\"midia-legenda\">Professora Luciene: propostas feitas na audi\u00eancia ser\u00e3o encaminhadas ao Minist\u00e9rio do Meio Ambiente<\/div>\n<\/div>\n<p><strong>Ondas de Calor<br \/>\n<\/strong>Durante a reuni\u00e3o, os participantes mencionaram as recentes ondas de calor, em pleno inverno, como evidente efeito nocivo das mudan\u00e7as clim\u00e1ticas provocadas pelo atual modelo de desenvolvimento econ\u00f4mico.<\/p>\n<p>Pesquisadora do Instituto Nacional de Pesquisas Espaciais, Luciana Vanni Gatti explicou que esses &#8220;eventos extremos&#8221; ocorrem em \u00e1reas desmatadas, onde a superf\u00edcie fica mais exposta ao sol, ou quando ocorre a planta\u00e7\u00e3o de esp\u00e9cies que contribuem para o ressecamento do solo, como o eucalipto. &#8220;Os eventos extremos acontecem com maior intensidade onde os sistemas foram muito alterados, como na Bahia, no Esp\u00edrito Santo, em S\u00e3o Paulo e no Rio Grande do Sul&#8221;, disse.<\/p>\n<p>Gatti afirmou que esses efeitos n\u00e3o podem ser revertidos sem a participa\u00e7\u00e3o dos povos tradicionais nas decis\u00f5es sobre a ocupa\u00e7\u00e3o do territ\u00f3rio: \u201cOs povos ind\u00edgenas e a nossa \u00e1rea preservada s\u00e3o a nossa f\u00e1brica de chuva, da qual o agroneg\u00f3cio \u00e9 dependente\u201d, completou.<\/p>\n<div class=\"image-container\">\n<div class=\"midia-creditos\"><em>Renato Ara\u00fajo\/C\u00e2mara dos Deputados<\/em><\/div>\n<div class=\"media-wrapper\"><\/div>\n<div class=\"midia-legenda\">Eriki Terena: crise clim\u00e1tica afeta a vida di\u00e1ria dos povos ind\u00edgenas<\/div>\n<\/div>\n<p>O ind\u00edgena e bi\u00f3logo Eriki Terena informou que, no Pantanal, foram consumidos pelo fogo 200 mil hectares apenas neste ano. Ele acrescentou que, neste bioma, existem 480 focos de calor atualmente. &#8220;Para n\u00f3s, povos ind\u00edgenas, n\u00e3o podemos nos dar esse luxo de que suma essa preocupa\u00e7\u00e3o com o territ\u00f3rio e com o clima. Para n\u00f3s, essa realidade \u00e9 di\u00e1ria, n\u00f3s n\u00e3o podemos esquecer a crise clim\u00e1tica&#8221;, disse.<\/p>\n<p>A deputada Professora Luciene (Psol-SP) informou que todas as interven\u00e7\u00f5es e propostas feitas na audi\u00eancia ser\u00e3o encaminhadas pelo colegiado ao Minist\u00e9rio do Meio Ambiente e demais respons\u00e1veis pelo tema. &#8220;Entendo que essa quest\u00e3o do direito ambiental \u00e9 transversal e precisa estar no centro do debate da reconstru\u00e7\u00e3o do Pa\u00eds&#8221;, ressaltou.<\/p>","protected":false},"excerpt":{"rendered":"<p>Renato Ara\u00fajo\/C\u00e2mara dos Deputados Comiss\u00e3o da Amaz\u00f4nia e dos Povos Origin\u00e1rios e Tradicionais debateu o assunto nesta ter\u00e7a Ativistas ambientais e acad\u00eamicos reiteraram nesta ter\u00e7a-feira (24) que o Brasil est\u00e1 atrasado no combate \u00e0s mudan\u00e7as clim\u00e1ticas, uma vez que ainda se depara com entraves na prote\u00e7\u00e3o de direitos sociais e ambientais. Eles foram ouvidos na [&hellip;]<\/p>\n","protected":false},"author":0,"featured_media":0,"comment_status":"open","ping_status":"open","sticky":false,"template":"","format":"standard","meta":{"footnotes":""},"categories":[1],"tags":[],"_links":{"self":[{"href":"https:\/\/jeffersonisac.adv.br\/index.php\/wp-json\/wp\/v2\/posts\/3114"}],"collection":[{"href":"https:\/\/jeffersonisac.adv.br\/index.php\/wp-json\/wp\/v2\/posts"}],"about":[{"href":"https:\/\/jeffersonisac.adv.br\/index.php\/wp-json\/wp\/v2\/types\/post"}],"replies":[{"embeddable":true,"href":"https:\/\/jeffersonisac.adv.br\/index.php\/wp-json\/wp\/v2\/comments?post=3114"}],"version-history":[{"count":0,"href":"https:\/\/jeffersonisac.adv.br\/index.php\/wp-json\/wp\/v2\/posts\/3114\/revisions"}],"wp:attachment":[{"href":"https:\/\/jeffersonisac.adv.br\/index.php\/wp-json\/wp\/v2\/media?parent=3114"}],"wp:term":[{"taxonomy":"category","embeddable":true,"href":"https:\/\/jeffersonisac.adv.br\/index.php\/wp-json\/wp\/v2\/categories?post=3114"},{"taxonomy":"post_tag","embeddable":true,"href":"https:\/\/jeffersonisac.adv.br\/index.php\/wp-json\/wp\/v2\/tags?post=3114"}],"curies":[{"name":"wp","href":"https:\/\/api.w.org\/{rel}","templated":true}]}}